{"id":50582,"date":"2016-01-30T09:26:39","date_gmt":"2016-01-30T12:26:39","guid":{"rendered":"http:\/\/www.blogdotarugao.com.br\/v1\/?p=50582"},"modified":"2016-01-30T09:33:31","modified_gmt":"2016-01-30T12:33:31","slug":"camara-de-mg-empossa-suplentes-apos-ter-todos-vereadores-presos","status":"publish","type":"post","link":"https:\/\/www.blogdotarugao.com.br\/v1\/2016\/01\/30\/camara-de-mg-empossa-suplentes-apos-ter-todos-vereadores-presos\/","title":{"rendered":"C\u00e2mara de MG empossa suplentes ap\u00f3s ter todos vereadores presos"},"content":{"rendered":"<h3 style=\"text-align: justify;\"><img loading=\"lazy\" class=\"  wp-image-50583 alignleft\" src=\"http:\/\/www.blogdotarugao.com.br\/v1\/wp-content\/uploads\/2016\/01\/CM.jpg\" alt=\"CM\" width=\"584\" height=\"438\" \/>Nove pol\u00edticos de Centralina s\u00e3o investigados por corrup\u00e7\u00e3o.<br \/>\nPartidos pol\u00edticos foram procurados mas ainda n\u00e3o se manifestaram.<\/h3>\n<h3 style=\"text-align: justify;\">Ap\u00f3s a pris\u00e3o de mais cinco vereadores na<a href=\"http:\/\/g1.globo.com\/minas-gerais\/triangulo-mineiro\/noticia\/2016\/01\/mais-5-vereadores-e-ex-servidor-sao-presos-em-operacao-em-centralina.html\">manh\u00e3 desta quinta-feira (28)<\/a> pela Pol\u00edcia Militar (PM), o Legislativo de Centralina, no Tri\u00e2ngulo Mineiro, enfrenta uma situa\u00e7\u00e3o in\u00e9dita: todos parlamentares eleitos na Casa est\u00e3o afastados suspeitos de desvio de dinheiro p\u00fablico. Os pol\u00edticos s\u00e3o investigados na Opera\u00e7\u00e3o Viagem Fantasma, desencadeada pelo Grupo de Atua\u00e7\u00e3o Especial de Combate ao Crime Organizado de Uberl\u00e2ndia (Gaeco). Al\u00e9m dos vereadores, um ex-servidor da casa foi detido nesta quinta-feira.<\/h3>\n<h3 style=\"text-align: justify;\">Os vereadores retornariam de recesso na pr\u00f3xima segunda-feira (1\u00ba). Quatro suplentes j\u00e1 foram nomeados para as vagas deixadas pelos vereadores detidos na primeira fase da opera\u00e7\u00e3o. Os cargos ser\u00e3o ocupados pela comerciante Izanete Rosa (PSC), o funcion\u00e1rio de uma empresa de materiais de constru\u00e7\u00e3o Adilson Gargamel (PMN), o ex-vereador William Garcia (PPS), e o funcion\u00e1rio p\u00fablico Sebasti\u00e3o da Luz (PCdoB).<\/h3>\n<h3 style=\"text-align: justify;\">Os quatro tomar\u00e3o posse na segunda e, caso os cinco vereadores detidos nesta quinta-feira n\u00e3o sejam liberados, outros suplentes ser\u00e3o convocados.<\/h3>\n<h3 style=\"text-align: justify;\"><strong>Pris\u00f5es<\/strong><br \/>\nNa primeira fase da opera\u00e7\u00e3o, <a href=\"http:\/\/g1.globo.com\/minas-gerais\/triangulo-mineiro\/noticia\/2016\/01\/servidores-da-camara-de-centralina-sao-ouvidos-em-operacao-do-gaeco.html\" target=\"_blank\">quatro dos nove vereadores foram detidos<\/a>. Eur\u00edpides Batista Ferreira, o Baianinho (Pros), H\u00e9lio Matias (PSL), Carla R\u00fabia (SDD) e Roneslei do Carmo Soares (PR) foram liberados e renunciaram ao cargo.\u00a0Eles tiveram os bens bloqueados a fim de garantir ressarcimento ao er\u00e1rio.<\/h3>\n<h3 style=\"text-align: justify;\">Na <a href=\"http:\/\/g1.globo.com\/minas-gerais\/triangulo-mineiro\/noticia\/2016\/01\/mais-5-vereadores-e-ex-servidor-sao-presos-em-operacao-em-centralina.html\" target=\"_blank\">segunda fase<\/a>, realizada nesta quinta-feira (28), a Pol\u00edcia Civil apresentou, na delegacia de Uberl\u00e2ndia, os vereadores Wandriene Ferreira de Moura (PR), Sonia Martins de Medeiros Rosa (PP), Ismael Pereira Peres (PT), Rodrigo Lucas (PT do B) e Cleison Vieira (PDT). Os <a href=\"http:\/\/g1.globo.com\/minas-gerais\/triangulo-mineiro\/noticia\/2016\/01\/mais-5-vereadores-e-ex-servidor-sao-presos-em-operacao-em-centralina.html\" target=\"_blank\">cinco vereadores foram detidos<\/a> e encaminhados para o Pres\u00eddio Professor Jacy de Assis. Um ex-servidor tamb\u00e9m foi detido.\u00a0Entre os pol\u00edticos presos nesta manh\u00e3, est\u00e1 uma vereadora que \u00e9 irm\u00e3 do atual prefeito de Centralina.<\/h3>\n<h3 style=\"text-align: justify;\">Dentre os crimes nos quais o grupo pode responder est\u00e3o peculato, associa\u00e7\u00e3o criminosa, falsidade ideol\u00f3gica e lavagem de dinheiro. No \u00faltimo dia 19 de janeiro, foram cumpridos dez mandados de busca e apreens\u00e3o e quatro vereadores tiveram a pris\u00e3o preventiva decretada.<\/h3>\n<h3 style=\"text-align: justify;\">De acordo com as informa\u00e7\u00f5es da Promotoria, os vereadores fizeram acordo de colabora\u00e7\u00e3o premiada, confessaram os crimes e delataram os demais. Posteriormente, o ex-vereador e advogado, conhecido como Marcinho, tamb\u00e9m foi preso por envolvimento nos crimes.<\/h3>\n<h3 style=\"text-align: justify;\">A partir de agora, todos os documentos ser\u00e3o analisados para conclus\u00e3o das investiga\u00e7\u00f5es e envio do inqu\u00e9rito civil ao Judici\u00e1rio.<\/h3>\n<h3 style=\"text-align: justify;\">O <strong>G1<\/strong> procurou tamb\u00e9m outros representantes na C\u00e2mara Municipal, por telefone, mas as liga\u00e7\u00f5es n\u00e3o foram atendidas.<\/h3>\n<h3 style=\"text-align: justify;\"><strong>A opera\u00e7\u00e3o <\/strong><br \/>\nA opera\u00e7\u00e3o do Gaeco tem o intuito de desmontar um esquema de associa\u00e7\u00e3o criminosa, peculato e lavagem de dinheiro na cidade de Centralina. At\u00e9 nesta quinta, os nove vereadores foram presos, al\u00e9m do ex-vereador Marcinho e um ex-servidor da C\u00e2mara.<\/h3>\n<h3 style=\"text-align: justify;\">Conforme nota \u00e0 imprensa, o Gaeco informou que os vereadores foram investigados por \u201crecebimento de di\u00e1rias de viagens que na realidade nunca aconteceram, bem como o desvio de dinheiro p\u00fablico cometido por alguns vereadores e servidores da C\u00e2mara&#8221;.<\/h3>\n<h3 style=\"text-align: justify;\">A primeira fase da opera\u00e7\u00e3o envolveu 40 policiais militares e dez viaturas.\u00a0 A assessoria de comunica\u00e7\u00e3o do Minist\u00e9rio P\u00fablico disse, por e-mail, que provavelmente o promotor vai atender a imprensa somente depois das investiga\u00e7\u00f5es. S\u00e3o, ao todo, seis investiga\u00e7\u00f5es em curso envolvendo desvios de recursos p\u00fablicos por vereadores e servidores da C\u00e2mara Municipal de Centralina.(G1)<\/h3>\n<p>&nbsp;<\/p>\n","protected":false},"excerpt":{"rendered":"<p>Nove pol\u00edticos de Centralina s\u00e3o investigados por corrup\u00e7\u00e3o. Partidos pol\u00edticos foram procurados mas ainda n\u00e3o se manifestaram. Ap\u00f3s a pris\u00e3o de mais cinco vereadores namanh\u00e3 desta quinta-feira (28) pela Pol\u00edcia Militar (PM), o Legislativo de Centralina, no Tri\u00e2ngulo Mineiro, enfrenta uma situa\u00e7\u00e3o in\u00e9dita: todos parlamentares eleitos na Casa est\u00e3o afastados suspeitos de desvio de dinheiro [&hellip;]<\/p>\n","protected":false},"author":2,"featured_media":0,"comment_status":"open","ping_status":"open","sticky":false,"template":"","format":"standard","meta":{"_links_to":"","_links_to_target":""},"categories":[70,1,7],"tags":[],"_links":{"self":[{"href":"https:\/\/www.blogdotarugao.com.br\/v1\/wp-json\/wp\/v2\/posts\/50582"}],"collection":[{"href":"https:\/\/www.blogdotarugao.com.br\/v1\/wp-json\/wp\/v2\/posts"}],"about":[{"href":"https:\/\/www.blogdotarugao.com.br\/v1\/wp-json\/wp\/v2\/types\/post"}],"author":[{"embeddable":true,"href":"https:\/\/www.blogdotarugao.com.br\/v1\/wp-json\/wp\/v2\/users\/2"}],"replies":[{"embeddable":true,"href":"https:\/\/www.blogdotarugao.com.br\/v1\/wp-json\/wp\/v2\/comments?post=50582"}],"version-history":[{"count":3,"href":"https:\/\/www.blogdotarugao.com.br\/v1\/wp-json\/wp\/v2\/posts\/50582\/revisions"}],"predecessor-version":[{"id":50586,"href":"https:\/\/www.blogdotarugao.com.br\/v1\/wp-json\/wp\/v2\/posts\/50582\/revisions\/50586"}],"wp:attachment":[{"href":"https:\/\/www.blogdotarugao.com.br\/v1\/wp-json\/wp\/v2\/media?parent=50582"}],"wp:term":[{"taxonomy":"category","embeddable":true,"href":"https:\/\/www.blogdotarugao.com.br\/v1\/wp-json\/wp\/v2\/categories?post=50582"},{"taxonomy":"post_tag","embeddable":true,"href":"https:\/\/www.blogdotarugao.com.br\/v1\/wp-json\/wp\/v2\/tags?post=50582"}],"curies":[{"name":"wp","href":"https:\/\/api.w.org\/{rel}","templated":true}]}}