{"id":5147,"date":"2014-02-26T11:41:49","date_gmt":"2014-02-26T14:41:49","guid":{"rendered":"http:\/\/www.blogdotarugao.com.br\/v1\/?p=5147"},"modified":"2014-02-26T11:41:49","modified_gmt":"2014-02-26T14:41:49","slug":"itororo-marco-brito-consegue-caminhoes-para-o-municipio","status":"publish","type":"post","link":"https:\/\/www.blogdotarugao.com.br\/v1\/2014\/02\/26\/itororo-marco-brito-consegue-caminhoes-para-o-municipio\/","title":{"rendered":"Itoror\u00f3: Marco Brito consegue caminh\u00f5es para o munic\u00edpio"},"content":{"rendered":"<p><a href=\"http:\/\/www.blogdodigadiga.com.br\/v1\/wp-content\/uploads\/2014\/02\/1451352_1397195970543787_821979029_n.jpg\" class=\"gallery_colorbox\" data-slb-group=\"11669\" data-slb-active=\"1\" data-slb-internal=\"0\"><img loading=\"lazy\" alt=\"Foto Divulga\u00e7\u00e3o\" src=\"http:\/\/www.blogdodigadiga.com.br\/v1\/wp-content\/uploads\/2014\/02\/1451352_1397195970543787_821979029_n.jpg\"  width=\"450\" height=\"320\" \/><\/a><\/p>\n<p>Foto Divulga\u00e7\u00e3o<\/p>\n<p>O munic\u00edpio de Itoror\u00f3, atrav\u00e9s do esfor\u00e7o do prefeito Marco Brito (PMDB), foi contemplado com um caminh\u00e3o basculhante (ca\u00e7amba) e um caminh\u00e3o-pipa, do Minist\u00e9rio do Desenvolvimento Agr\u00e1rio \u2013 MDA, atrav\u00e9s do Programa de Acelera\u00e7\u00e3o do Crescimento (PAC2), do Governo Federal.<\/p>\n<p>A solenidade de entrega dos caminh\u00f5es aconteceu nesta ter\u00e7a-feira (25), em Salvador, que contou com a presen\u00e7a de v\u00e1rios prefeitos, entres eles o prefeito de Itoror\u00f3 Marco Brito (PMDB),acompanhado pelo Deputado Federal Sergio Brito(PSD).O Ministro de desenvolvimento agr\u00e1rio SR. Pepe Vargas entregou as chaves dos caminh\u00f5es com grande satisfa\u00e7\u00e3o.<\/p>\n","protected":false},"excerpt":{"rendered":"<p>Foto Divulga\u00e7\u00e3o O munic\u00edpio de Itoror\u00f3, atrav\u00e9s do esfor\u00e7o do prefeito Marco Brito (PMDB), foi contemplado com um caminh\u00e3o basculhante (ca\u00e7amba) e um caminh\u00e3o-pipa, do Minist\u00e9rio do Desenvolvimento Agr\u00e1rio \u2013 MDA, atrav\u00e9s do Programa de Acelera\u00e7\u00e3o do Crescimento (PAC2), do Governo Federal. A solenidade de entrega dos caminh\u00f5es aconteceu nesta ter\u00e7a-feira (25), em Salvador, que [&hellip;]<\/p>\n","protected":false},"author":2,"featured_media":0,"comment_status":"open","ping_status":"open","sticky":false,"template":"","format":"standard","meta":{"_links_to":"","_links_to_target":""},"categories":[7],"tags":[],"_links":{"self":[{"href":"https:\/\/www.blogdotarugao.com.br\/v1\/wp-json\/wp\/v2\/posts\/5147"}],"collection":[{"href":"https:\/\/www.blogdotarugao.com.br\/v1\/wp-json\/wp\/v2\/posts"}],"about":[{"href":"https:\/\/www.blogdotarugao.com.br\/v1\/wp-json\/wp\/v2\/types\/post"}],"author":[{"embeddable":true,"href":"https:\/\/www.blogdotarugao.com.br\/v1\/wp-json\/wp\/v2\/users\/2"}],"replies":[{"embeddable":true,"href":"https:\/\/www.blogdotarugao.com.br\/v1\/wp-json\/wp\/v2\/comments?post=5147"}],"version-history":[{"count":1,"href":"https:\/\/www.blogdotarugao.com.br\/v1\/wp-json\/wp\/v2\/posts\/5147\/revisions"}],"predecessor-version":[{"id":5148,"href":"https:\/\/www.blogdotarugao.com.br\/v1\/wp-json\/wp\/v2\/posts\/5147\/revisions\/5148"}],"wp:attachment":[{"href":"https:\/\/www.blogdotarugao.com.br\/v1\/wp-json\/wp\/v2\/media?parent=5147"}],"wp:term":[{"taxonomy":"category","embeddable":true,"href":"https:\/\/www.blogdotarugao.com.br\/v1\/wp-json\/wp\/v2\/categories?post=5147"},{"taxonomy":"post_tag","embeddable":true,"href":"https:\/\/www.blogdotarugao.com.br\/v1\/wp-json\/wp\/v2\/tags?post=5147"}],"curies":[{"name":"wp","href":"https:\/\/api.w.org\/{rel}","templated":true}]}}