{"id":52218,"date":"2016-02-17T06:48:26","date_gmt":"2016-02-17T09:48:26","guid":{"rendered":"http:\/\/www.blogdotarugao.com.br\/v1\/?p=52218"},"modified":"2016-02-17T06:48:26","modified_gmt":"2016-02-17T09:48:26","slug":"ilheus-prorroga-inscricoes-paraconcurso","status":"publish","type":"post","link":"https:\/\/www.blogdotarugao.com.br\/v1\/2016\/02\/17\/ilheus-prorroga-inscricoes-paraconcurso\/","title":{"rendered":"ILH\u00c9US PRORROGA INSCRI\u00c7\u00d5ES PARACONCURSO"},"content":{"rendered":"<h3 style=\"text-align: justify;\"><img loading=\"lazy\" class=\"  wp-image-52219 alignleft\" src=\"http:\/\/www.blogdotarugao.com.br\/v1\/wp-content\/uploads\/2016\/02\/concurso.jpg\" alt=\"concurso\" width=\"584\" height=\"412\" srcset=\"https:\/\/www.blogdotarugao.com.br\/v1\/wp-content\/uploads\/2016\/02\/concurso.jpg 520w, https:\/\/www.blogdotarugao.com.br\/v1\/wp-content\/uploads\/2016\/02\/concurso-300x212.jpg 300w\" sizes=\"(max-width: 584px) 100vw, 584px\" \/>As inscri\u00e7\u00f5es no concurso p\u00fablico da Prefeitura de Ilh\u00e9us foram prorrogadas at\u00e9 o pr\u00f3ximo domingo (21\/02) por decis\u00e3o do prefeito Jabes Ribeiro. Os candidatos ter\u00e3o at\u00e9 o dia 22 para pagar a taxa de inscri\u00e7\u00e3o.<\/h3>\n<h3 style=\"text-align: justify;\">A decis\u00e3o do prefeito foi tomada depois do grande n\u00famero de queixas de candidatos que n\u00e3o conseguiam se inscrever ou at\u00e9 imprimir o boleto, no site da Consultec, para quitar a taxa (<a href=\"http:\/\/www.pimenta.blog.br\/2016\/02\/15\/site-da-consultec-da-pau-e-trava-inscricoes-em-concurso-da-prefeitura-de-ilheus\/\" target=\"_blank\">relembre mat\u00e9ria<\/a>).<\/h3>\n<h3 style=\"text-align: justify;\">O prazo seria encerrado nesta quarta (17). S\u00e3o mais de 530 vagas para profissionais de n\u00edveis fundamental, m\u00e9dio e superior. O sal\u00e1rio varia de R$ 880,00 a R$ 8 mil, a depender da vaga pretendida.<\/h3>\n<h3 style=\"text-align: justify;\">As inscri\u00e7\u00f5es s\u00e3o feitas exclusivamente pelo site da Consultec (<a href=\"http:\/\/www.consultec.com.br\/\" target=\"_blank\"><strong>www.consultec.com.br<\/strong><\/a>). Candidatos a cargos de professor e procurador t\u00eam at\u00e9 dia 23 para enviar os respectivos t\u00edtulos.<\/h3>\n","protected":false},"excerpt":{"rendered":"<p>As inscri\u00e7\u00f5es no concurso p\u00fablico da Prefeitura de Ilh\u00e9us foram prorrogadas at\u00e9 o pr\u00f3ximo domingo (21\/02) por decis\u00e3o do prefeito Jabes Ribeiro. Os candidatos ter\u00e3o at\u00e9 o dia 22 para pagar a taxa de inscri\u00e7\u00e3o. A decis\u00e3o do prefeito foi tomada depois do grande n\u00famero de queixas de candidatos que n\u00e3o conseguiam se inscrever ou [&hellip;]<\/p>\n","protected":false},"author":2,"featured_media":0,"comment_status":"open","ping_status":"open","sticky":false,"template":"","format":"standard","meta":{"_links_to":"","_links_to_target":""},"categories":[6,20,70,1,36],"tags":[],"_links":{"self":[{"href":"https:\/\/www.blogdotarugao.com.br\/v1\/wp-json\/wp\/v2\/posts\/52218"}],"collection":[{"href":"https:\/\/www.blogdotarugao.com.br\/v1\/wp-json\/wp\/v2\/posts"}],"about":[{"href":"https:\/\/www.blogdotarugao.com.br\/v1\/wp-json\/wp\/v2\/types\/post"}],"author":[{"embeddable":true,"href":"https:\/\/www.blogdotarugao.com.br\/v1\/wp-json\/wp\/v2\/users\/2"}],"replies":[{"embeddable":true,"href":"https:\/\/www.blogdotarugao.com.br\/v1\/wp-json\/wp\/v2\/comments?post=52218"}],"version-history":[{"count":1,"href":"https:\/\/www.blogdotarugao.com.br\/v1\/wp-json\/wp\/v2\/posts\/52218\/revisions"}],"predecessor-version":[{"id":52220,"href":"https:\/\/www.blogdotarugao.com.br\/v1\/wp-json\/wp\/v2\/posts\/52218\/revisions\/52220"}],"wp:attachment":[{"href":"https:\/\/www.blogdotarugao.com.br\/v1\/wp-json\/wp\/v2\/media?parent=52218"}],"wp:term":[{"taxonomy":"category","embeddable":true,"href":"https:\/\/www.blogdotarugao.com.br\/v1\/wp-json\/wp\/v2\/categories?post=52218"},{"taxonomy":"post_tag","embeddable":true,"href":"https:\/\/www.blogdotarugao.com.br\/v1\/wp-json\/wp\/v2\/tags?post=52218"}],"curies":[{"name":"wp","href":"https:\/\/api.w.org\/{rel}","templated":true}]}}