{"id":5287,"date":"2014-03-04T20:24:43","date_gmt":"2014-03-04T23:24:43","guid":{"rendered":"http:\/\/www.blogdotarugao.com.br\/v1\/?p=5287"},"modified":"2014-03-04T20:24:43","modified_gmt":"2014-03-04T23:24:43","slug":"harmonia-no-carnaval-geddel-e-paulo-souto-ainda-estao-nas-preliminares","status":"publish","type":"post","link":"https:\/\/www.blogdotarugao.com.br\/v1\/2014\/03\/04\/harmonia-no-carnaval-geddel-e-paulo-souto-ainda-estao-nas-preliminares\/","title":{"rendered":"Harmonia no Carnaval: Geddel e Paulo Souto ainda est\u00e3o nas preliminares"},"content":{"rendered":"<p><img alt=\"\" src=\"http:\/\/www.bocaonews.com.br\/ckfinder\/userfiles\/fotos_e_imagens\/CARNAVAL%202014\/geddel_Paulosouto.jpg\" \/><\/p>\n<p>No primeiro dia de Carnaval, quarta-feira (26), o pr\u00e9-candidato ao governo do estado Geddel Vieira Lima n\u00e3o apareceu na abertura oficial do circuito Dod\u00f4 \u2013 Barra\/Ondina- realizado no Farol da Barra. ACM Neto (DEM) estava acompanhando por todo estafe e do tamb\u00e9m postulante \u00e0 chefia do Executivo estadual Paulo Souto (DEM).<\/p>\n<p>Na ocasi\u00e3o, a imprensa sugeriu uma poss\u00edvel rusga. Na quinta-feira (27), na entrega da chave da cidade ao Rei Momo, Geddel foi e declarou: onde Paulo Souto for, vou tamb\u00e9m. Para voc\u00ea (imprensa) n\u00e3o especularem sobre brigas ou decis\u00e3o.<\/p>\n<p>Dito e feito. Nesta ter\u00e7a-feira (4), depois de diversos encontros, os dois encerraram juntos a participa\u00e7\u00e3o no Carnaval de Salvador. No circuito Osmar \u2013 Campo Grande \u2013 a dupla que disputa o espa\u00e7o na chapa majorit\u00e1ria da Oposi\u00e7\u00e3o se encontrou, jogou conversa fora e posou para foto de forma harmoniosa.<\/p>\n<p>Contudo, a clima nos bastidores n\u00e3o \u00e9 dos amistosos. O jogo ainda est\u00e1 sendo jogado. E a disputa, embora ainda n\u00e3o tenha alcan\u00e7ado n\u00edveis mais intensos, est\u00e1 esquentando.<\/p>\n<p>Mas, por enquanto, ainda \u00e9 Carnaval.<\/p>\n","protected":false},"excerpt":{"rendered":"<p>No primeiro dia de Carnaval, quarta-feira (26), o pr\u00e9-candidato ao governo do estado Geddel Vieira Lima n\u00e3o apareceu na abertura oficial do circuito Dod\u00f4 \u2013 Barra\/Ondina- realizado no Farol da Barra. ACM Neto (DEM) estava acompanhando por todo estafe e do tamb\u00e9m postulante \u00e0 chefia do Executivo estadual Paulo Souto (DEM). Na ocasi\u00e3o, a imprensa [&hellip;]<\/p>\n","protected":false},"author":2,"featured_media":0,"comment_status":"open","ping_status":"open","sticky":false,"template":"","format":"standard","meta":{"_links_to":"","_links_to_target":""},"categories":[7],"tags":[],"_links":{"self":[{"href":"https:\/\/www.blogdotarugao.com.br\/v1\/wp-json\/wp\/v2\/posts\/5287"}],"collection":[{"href":"https:\/\/www.blogdotarugao.com.br\/v1\/wp-json\/wp\/v2\/posts"}],"about":[{"href":"https:\/\/www.blogdotarugao.com.br\/v1\/wp-json\/wp\/v2\/types\/post"}],"author":[{"embeddable":true,"href":"https:\/\/www.blogdotarugao.com.br\/v1\/wp-json\/wp\/v2\/users\/2"}],"replies":[{"embeddable":true,"href":"https:\/\/www.blogdotarugao.com.br\/v1\/wp-json\/wp\/v2\/comments?post=5287"}],"version-history":[{"count":1,"href":"https:\/\/www.blogdotarugao.com.br\/v1\/wp-json\/wp\/v2\/posts\/5287\/revisions"}],"predecessor-version":[{"id":5288,"href":"https:\/\/www.blogdotarugao.com.br\/v1\/wp-json\/wp\/v2\/posts\/5287\/revisions\/5288"}],"wp:attachment":[{"href":"https:\/\/www.blogdotarugao.com.br\/v1\/wp-json\/wp\/v2\/media?parent=5287"}],"wp:term":[{"taxonomy":"category","embeddable":true,"href":"https:\/\/www.blogdotarugao.com.br\/v1\/wp-json\/wp\/v2\/categories?post=5287"},{"taxonomy":"post_tag","embeddable":true,"href":"https:\/\/www.blogdotarugao.com.br\/v1\/wp-json\/wp\/v2\/tags?post=5287"}],"curies":[{"name":"wp","href":"https:\/\/api.w.org\/{rel}","templated":true}]}}