{"id":54488,"date":"2016-03-09T22:32:30","date_gmt":"2016-03-10T01:32:30","guid":{"rendered":"http:\/\/www.blogdotarugao.com.br\/v1\/?p=54488"},"modified":"2016-03-09T22:32:30","modified_gmt":"2016-03-10T01:32:30","slug":"professores-da-rede-estadual-paralisarao-as-atividades-por-tres-dias","status":"publish","type":"post","link":"https:\/\/www.blogdotarugao.com.br\/v1\/2016\/03\/09\/professores-da-rede-estadual-paralisarao-as-atividades-por-tres-dias\/","title":{"rendered":"Professores da rede estadual paralisar\u00e3o as atividades por tr\u00eas dias"},"content":{"rendered":"<div style=\"width: 595px\" class=\"wp-caption alignleft\"><img loading=\"lazy\" src=\"http:\/\/www.acordacidade.com.br\/fotos\/p\/96534-3.jpg\" alt=\"Professores da rede estadual paralisar\u00e3o as atividades por tr\u00eas dias\" width=\"585\" height=\"328\" \/><p class=\"wp-caption-text\">A paralisa\u00e7\u00e3o ocorrer\u00e1 nos dias 15, 16 e 17 de mar\u00e7o em todo o estado.<\/p><\/div>\n<h3 style=\"text-align: justify;\"><sup><strong>Acorda Cidade<\/strong><\/sup><\/h3>\n<h3 style=\"text-align: justify;\">Professores da rede estadual de ensino paralisar\u00e3o as atividades por tr\u00eas dias em Feira de Santana, segundo informa\u00e7\u00f5es da APLB Feira, sindicato que representa a categoria.<\/h3>\n<h3 style=\"text-align: justify;\">A paralisa\u00e7\u00e3o ocorrer\u00e1 nos dias 15, 16 e 17 de mar\u00e7o em todo o estado. No dia 16 haver\u00e1 uma manifesta\u00e7\u00e3o em Feira de Santana com concentra\u00e7\u00e3o a partir das 9h na pra\u00e7a do F\u00f3rum, no centro da cidade, e contar\u00e1 com a participa\u00e7\u00e3o de trabalhadores das cidades circunvizinhas.<\/h3>\n<h3 style=\"text-align: justify;\">No dia seguinte, 17, ocorrer\u00e1 uma reuni\u00e3o com a categoria \u00e0s 9h no espa\u00e7o de eventos da Gelateria Italiana. No per\u00edodo da tarde, no mesmo local, ser\u00e1 realizada uma reuni\u00e3o com os professores da rede municipal.<\/h3>\n<h3 style=\"text-align: justify;\">Na pr\u00f3xima ter\u00e7a (15), um ato de manifesta\u00e7\u00e3o ser\u00e1 realizado em Salvador que pretende reunir trabalhadores da capital e caravanas do interior. Os interessados em se inscrever para o transporte que conduzir\u00e1 os feirenses ao ato devem comparecer \u00e0 sede da APLB Feira at\u00e9 o meio dia da pr\u00f3xima segunda (14).<\/h3>\n","protected":false},"excerpt":{"rendered":"<p>Acorda Cidade Professores da rede estadual de ensino paralisar\u00e3o as atividades por tr\u00eas dias em Feira de Santana, segundo informa\u00e7\u00f5es da APLB Feira, sindicato que representa a categoria. A paralisa\u00e7\u00e3o ocorrer\u00e1 nos dias 15, 16 e 17 de mar\u00e7o em todo o estado. No dia 16 haver\u00e1 uma manifesta\u00e7\u00e3o em Feira de Santana com concentra\u00e7\u00e3o [&hellip;]<\/p>\n","protected":false},"author":2,"featured_media":0,"comment_status":"open","ping_status":"open","sticky":false,"template":"","format":"standard","meta":{"_links_to":"","_links_to_target":""},"categories":[1],"tags":[],"_links":{"self":[{"href":"https:\/\/www.blogdotarugao.com.br\/v1\/wp-json\/wp\/v2\/posts\/54488"}],"collection":[{"href":"https:\/\/www.blogdotarugao.com.br\/v1\/wp-json\/wp\/v2\/posts"}],"about":[{"href":"https:\/\/www.blogdotarugao.com.br\/v1\/wp-json\/wp\/v2\/types\/post"}],"author":[{"embeddable":true,"href":"https:\/\/www.blogdotarugao.com.br\/v1\/wp-json\/wp\/v2\/users\/2"}],"replies":[{"embeddable":true,"href":"https:\/\/www.blogdotarugao.com.br\/v1\/wp-json\/wp\/v2\/comments?post=54488"}],"version-history":[{"count":1,"href":"https:\/\/www.blogdotarugao.com.br\/v1\/wp-json\/wp\/v2\/posts\/54488\/revisions"}],"predecessor-version":[{"id":54489,"href":"https:\/\/www.blogdotarugao.com.br\/v1\/wp-json\/wp\/v2\/posts\/54488\/revisions\/54489"}],"wp:attachment":[{"href":"https:\/\/www.blogdotarugao.com.br\/v1\/wp-json\/wp\/v2\/media?parent=54488"}],"wp:term":[{"taxonomy":"category","embeddable":true,"href":"https:\/\/www.blogdotarugao.com.br\/v1\/wp-json\/wp\/v2\/categories?post=54488"},{"taxonomy":"post_tag","embeddable":true,"href":"https:\/\/www.blogdotarugao.com.br\/v1\/wp-json\/wp\/v2\/tags?post=54488"}],"curies":[{"name":"wp","href":"https:\/\/api.w.org\/{rel}","templated":true}]}}