{"id":54647,"date":"2016-03-12T13:33:13","date_gmt":"2016-03-12T16:33:13","guid":{"rendered":"http:\/\/www.blogdotarugao.com.br\/v1\/?p=54647"},"modified":"2016-03-12T13:37:22","modified_gmt":"2016-03-12T16:37:22","slug":"o-fim-da-calvicie-acaba-de-ser-apresentado-novo-remedio-revolucionario","status":"publish","type":"post","link":"https:\/\/www.blogdotarugao.com.br\/v1\/2016\/03\/12\/o-fim-da-calvicie-acaba-de-ser-apresentado-novo-remedio-revolucionario\/","title":{"rendered":"O FIM DA CALV\u00cdCIE? ACABA DE SER APRESENTADO NOVO REM\u00c9DIO REVOLUCION\u00c1RIO"},"content":{"rendered":"<h3 style=\"text-align: justify;\"><img loading=\"lazy\" class=\"  wp-image-54652 alignleft\" src=\"http:\/\/www.blogdotarugao.com.br\/v1\/wp-content\/uploads\/2016\/03\/PILULA-DA-CALVICE.jpg\" alt=\"PILULA DA CALVICE\" width=\"585\" height=\"390\" srcset=\"https:\/\/www.blogdotarugao.com.br\/v1\/wp-content\/uploads\/2016\/03\/PILULA-DA-CALVICE.jpg 1000w, https:\/\/www.blogdotarugao.com.br\/v1\/wp-content\/uploads\/2016\/03\/PILULA-DA-CALVICE-300x200.jpg 300w\" sizes=\"(max-width: 585px) 100vw, 585px\" \/>Se \u00e9 dos carecas que elas gostam mais, n\u00e3o sabemos com clareza, mas o fato \u00e9 que muitos homens sofrem com a falta de cabelos. Infelizmente ainda n\u00e3o\u00a0h\u00e1 dispon\u00edvel\u00a0nenhuma cura realmente efetiva para acabar ou reverter a calv\u00edcie, mas isso pode mudar em breve (mais uma vez).<\/h3>\n<h3 style=\"text-align: justify;\">A\u00a0empresa farmac\u00eautica <strong><a href=\"https:\/\/www.samumed.com\/\" target=\"_blank\">Samumed<\/a><\/strong> revelou ter obtido sucesso em um teste feito com\u00a0uma nova droga para o tratamento da <a id=\"PXLINK_1_0_0\" class=\"pxInta\" href=\"http:\/\/sossolteiros.bol.uol.com.br\/novo-remedio-promete-acabar-com-a-calvicie\/#\">alopecia<\/a> androgen\u00e9tica, a famosa calv\u00edcie. O \u201crem\u00e9dio\u201d<strong>\u00a0SM04554<\/strong>\u00a0promete resolver essa antiga quest\u00e3o.<\/h3>\n<h3 style=\"text-align: justify;\">O <a href=\"https:\/\/www.samumed.com\/files\/2016\/AGA_Post-AAD_Press_Release_03062016_FINAL.pdf\" target=\"_blank\">estudo<\/a>\u00a0foi realizado com\u00a0homens entre 18 e 55 anos, divididos em tr\u00eas grupos onde\u00a0um recebia placebo, o outro recebia\u00a00,15% de SM04554, e o\u00a0\u00faltimo recebia 0,25% da droga.\u00a0O tratamento durou 90 dias, combinados com outros 45 de p\u00f3s-tratamento.<\/h3>\n<h3 style=\"text-align: justify;\">Conclus\u00e3o, quem recebeu 0,15% e 0,25% ficou com mais <a id=\"PXLINK_2_0_1\" class=\"pxInta\" href=\"http:\/\/sossolteiros.bol.uol.com.br\/novo-remedio-promete-acabar-com-a-calvicie\/#\">cabelo<\/a>, j\u00e1 os que tomaram\u00a0placebo acabaram com ainda menos fios. Apesar do bom resultado de todos que tomaram a nova droga, quem recebeu apenas 0,15% obteve os melhores efeitos.<\/h3>\n<h3 style=\"text-align: justify;\">As descobertas foram apresentadas h\u00e1 poucos dias, durante o evento anual da<a href=\"https:\/\/www.aad.org\/\" target=\"_blank\"><strong>Academia Americana de Dermatologia<\/strong><\/a>, e elas ajudar\u00e3o a guiar os novos testes sobre o tratamento. Ao contr\u00e1rio da zoeira, parece que a calv\u00edce finalmente ter\u00e1 um fim definitivo.<\/h3>\n<p>&nbsp;<\/p>\n","protected":false},"excerpt":{"rendered":"<p>Se \u00e9 dos carecas que elas gostam mais, n\u00e3o sabemos com clareza, mas o fato \u00e9 que muitos homens sofrem com a falta de cabelos. Infelizmente ainda n\u00e3o\u00a0h\u00e1 dispon\u00edvel\u00a0nenhuma cura realmente efetiva para acabar ou reverter a calv\u00edcie, mas isso pode mudar em breve (mais uma vez). A\u00a0empresa farmac\u00eautica Samumed revelou ter obtido sucesso em [&hellip;]<\/p>\n","protected":false},"author":2,"featured_media":0,"comment_status":"open","ping_status":"open","sticky":false,"template":"","format":"standard","meta":{"_links_to":"","_links_to_target":""},"categories":[70,1,12],"tags":[],"_links":{"self":[{"href":"https:\/\/www.blogdotarugao.com.br\/v1\/wp-json\/wp\/v2\/posts\/54647"}],"collection":[{"href":"https:\/\/www.blogdotarugao.com.br\/v1\/wp-json\/wp\/v2\/posts"}],"about":[{"href":"https:\/\/www.blogdotarugao.com.br\/v1\/wp-json\/wp\/v2\/types\/post"}],"author":[{"embeddable":true,"href":"https:\/\/www.blogdotarugao.com.br\/v1\/wp-json\/wp\/v2\/users\/2"}],"replies":[{"embeddable":true,"href":"https:\/\/www.blogdotarugao.com.br\/v1\/wp-json\/wp\/v2\/comments?post=54647"}],"version-history":[{"count":4,"href":"https:\/\/www.blogdotarugao.com.br\/v1\/wp-json\/wp\/v2\/posts\/54647\/revisions"}],"predecessor-version":[{"id":54651,"href":"https:\/\/www.blogdotarugao.com.br\/v1\/wp-json\/wp\/v2\/posts\/54647\/revisions\/54651"}],"wp:attachment":[{"href":"https:\/\/www.blogdotarugao.com.br\/v1\/wp-json\/wp\/v2\/media?parent=54647"}],"wp:term":[{"taxonomy":"category","embeddable":true,"href":"https:\/\/www.blogdotarugao.com.br\/v1\/wp-json\/wp\/v2\/categories?post=54647"},{"taxonomy":"post_tag","embeddable":true,"href":"https:\/\/www.blogdotarugao.com.br\/v1\/wp-json\/wp\/v2\/tags?post=54647"}],"curies":[{"name":"wp","href":"https:\/\/api.w.org\/{rel}","templated":true}]}}