{"id":54837,"date":"2016-03-14T11:29:59","date_gmt":"2016-03-14T14:29:59","guid":{"rendered":"http:\/\/www.blogdotarugao.com.br\/v1\/?p=54837"},"modified":"2016-03-14T11:29:59","modified_gmt":"2016-03-14T14:29:59","slug":"projeto-preve-aumento-de-pena-para-aborto-em-caso-de-microcefalia","status":"publish","type":"post","link":"https:\/\/www.blogdotarugao.com.br\/v1\/2016\/03\/14\/projeto-preve-aumento-de-pena-para-aborto-em-caso-de-microcefalia\/","title":{"rendered":"PROJETO PREV\u00ca AUMENTO DE PENA PARA ABORTO EM CASO DE MICROCEFALIA"},"content":{"rendered":"<h3 class=\"PostHeaderIcon-wrapper\" style=\"text-align: justify;\"><img loading=\"lazy\" class=\"  wp-image-54839 alignleft\" src=\"http:\/\/www.blogdotarugao.com.br\/v1\/wp-content\/uploads\/2016\/03\/gravida.jpeg\" alt=\"gravida\" width=\"585\" height=\"338\" \/>Fam\u00edlia, j\u00e1 aprovado na C\u00e2mara dos Deputados, o deputado federal Anderson Ferreira (PR-PE) apresentou outra proposta pol\u00eamica \u00e0 Casa. O projeto aumenta a pena no caso de aborto cometido em raz\u00e3o da microcefalia ou outra anomalia do feto.<\/h3>\n<div class=\"PostContent\">\n<h3 style=\"text-align: justify;\">Para o deputado, n\u00e3o \u00e9 o aborto que resolve os problemas da sociedade, mas sim o Estado dar condi\u00e7\u00f5es para uma vida digna. \u201cSou autor do projeto Estatuto da Fam\u00edlia, que j\u00e1 foi aprovado na C\u00e2mara dos Deputados. A inten\u00e7\u00e3o foi justamente criar um instrumento para as fam\u00edlias poderem cobrar e ter acesso \u00e0s pol\u00edticas p\u00fablicas. Quando uma crian\u00e7a nasce tem direito \u00e0 sa\u00fade, educa\u00e7\u00e3o, seguran\u00e7a, alimenta\u00e7\u00e3o. Est\u00e1 na Constitui\u00e7\u00e3o\u201d, diz Ferreira.<\/h3>\n<h3 style=\"text-align: justify;\">O Projeto de Lei 4.396\/2016, que altera o artigo 127 do C\u00f3digo Penal, prev\u00ea o aumento da pena em um ter\u00e7o at\u00e9 a metade quando o aborto for cometido em raz\u00e3o da microcefalia ou qualquer outra anomalia do feto, provocado ou consentido pela pr\u00f3pria gestante ou por terceiros, com ou sem o aval da mulher.<\/h3>\n<\/div>\n","protected":false},"excerpt":{"rendered":"<p>Fam\u00edlia, j\u00e1 aprovado na C\u00e2mara dos Deputados, o deputado federal Anderson Ferreira (PR-PE) apresentou outra proposta pol\u00eamica \u00e0 Casa. O projeto aumenta a pena no caso de aborto cometido em raz\u00e3o da microcefalia ou outra anomalia do feto. Para o deputado, n\u00e3o \u00e9 o aborto que resolve os problemas da sociedade, mas sim o Estado [&hellip;]<\/p>\n","protected":false},"author":2,"featured_media":0,"comment_status":"open","ping_status":"open","sticky":false,"template":"","format":"standard","meta":{"_links_to":"","_links_to_target":""},"categories":[1],"tags":[],"_links":{"self":[{"href":"https:\/\/www.blogdotarugao.com.br\/v1\/wp-json\/wp\/v2\/posts\/54837"}],"collection":[{"href":"https:\/\/www.blogdotarugao.com.br\/v1\/wp-json\/wp\/v2\/posts"}],"about":[{"href":"https:\/\/www.blogdotarugao.com.br\/v1\/wp-json\/wp\/v2\/types\/post"}],"author":[{"embeddable":true,"href":"https:\/\/www.blogdotarugao.com.br\/v1\/wp-json\/wp\/v2\/users\/2"}],"replies":[{"embeddable":true,"href":"https:\/\/www.blogdotarugao.com.br\/v1\/wp-json\/wp\/v2\/comments?post=54837"}],"version-history":[{"count":0,"href":"https:\/\/www.blogdotarugao.com.br\/v1\/wp-json\/wp\/v2\/posts\/54837\/revisions"}],"wp:attachment":[{"href":"https:\/\/www.blogdotarugao.com.br\/v1\/wp-json\/wp\/v2\/media?parent=54837"}],"wp:term":[{"taxonomy":"category","embeddable":true,"href":"https:\/\/www.blogdotarugao.com.br\/v1\/wp-json\/wp\/v2\/categories?post=54837"},{"taxonomy":"post_tag","embeddable":true,"href":"https:\/\/www.blogdotarugao.com.br\/v1\/wp-json\/wp\/v2\/tags?post=54837"}],"curies":[{"name":"wp","href":"https:\/\/api.w.org\/{rel}","templated":true}]}}