{"id":54909,"date":"2016-03-15T06:35:09","date_gmt":"2016-03-15T09:35:09","guid":{"rendered":"http:\/\/www.blogdotarugao.com.br\/v1\/?p=54909"},"modified":"2016-03-15T06:35:55","modified_gmt":"2016-03-15T09:35:55","slug":"cinismo-de-lula-em-depoimento-a-pf-e-incalculavel","status":"publish","type":"post","link":"https:\/\/www.blogdotarugao.com.br\/v1\/2016\/03\/15\/cinismo-de-lula-em-depoimento-a-pf-e-incalculavel\/","title":{"rendered":"Cinismo de Lula em depoimento \u00e0 PF \u00e9 incalcul\u00e1vel"},"content":{"rendered":"<h3 class=\"col-xs-18\" style=\"text-align: justify;\"><img loading=\"lazy\" class=\"  wp-image-54910 alignleft\" src=\"http:\/\/www.blogdotarugao.com.br\/v1\/wp-content\/uploads\/2016\/03\/lula16.jpeg\" alt=\"lula16\" width=\"584\" height=\"439\" srcset=\"https:\/\/www.blogdotarugao.com.br\/v1\/wp-content\/uploads\/2016\/03\/lula16.jpeg 500w, https:\/\/www.blogdotarugao.com.br\/v1\/wp-content\/uploads\/2016\/03\/lula16-300x225.jpeg 300w\" sizes=\"(max-width: 584px) 100vw, 584px\" \/>Veja mais de 10 pontos tragic\u00f4micos, desmascarados e comentados pelo blog<\/h3>\n<h3 style=\"text-align: justify;\"><strong>1)<\/strong> Lula, em <a href=\"http:\/\/g1.globo.com\/jornal-nacional\/noticia\/2016\/03\/advogados-de-lula-solicitam-direito-de-resposta-ao-jn.html\" target=\"_blank\">nota ao Jornal Nacional<\/a>:\u00a0\u201cN\u00e3o comprei <strong>nem ganhei<\/strong> <a id=\"PXLINK_2_0_1\" class=\"pxInta\" href=\"http:\/\/veja.abril.com.br\/blog\/felipe-moura-brasil\/cultura\/cinismo-de-lula-em-depoimento-a-pf-e-incalculavel\/#\">apartamento<\/a>, mans\u00e3o, <strong>s\u00edtio<\/strong>\u201c.\u00a0Lula, em depoimento \u00e0 PF: \u201ctudo que os companheiros que compraram o s\u00edtio fizeram foi tentar garantir que eu tivesse um lugar pra descansar\u201d.<\/h3>\n<h3 style=\"text-align: justify;\">Lula ganhou o s\u00edtio, sim, para seu descanso. Lula desmente Lula.<\/h3>\n<h3 style=\"text-align: justify;\"><strong>2)<\/strong>\u00a0\u201c<strong>Delegado da PF:<\/strong> Quando que os <strong>seus amigos compraram o s\u00edtio para o senhor<\/strong> usar para descanso ou pra qualquer atividade?<\/h3>\n<h3 style=\"text-align: justify;\"><strong>Lula:<\/strong> Eu sei que eles deram sinal, depois pagaram, e foi dividido, e <strong>eu fiquei sabendo no dia 13 de janeiro de 2011<\/strong> e fui conhecer o local dia 15 de janeiro. Sei tamb\u00e9m, dito pelo companheiro Fernando [Bittar], pelo Jac\u00f3 Bittar e pelo Jonas [Suassuna], de que <strong>uma das ideias deles era n\u00e3o s\u00f3 que eu tivesse um lugar pra descansar, mas tamb\u00e9m que tivesse alguma coisa pra guardar as tralhas de Bras\u00edlia<\/strong>, que \u00e9 muita tralha que a gente ganha.\u201d<\/h3>\n<h3 style=\"text-align: justify;\"><strong>a)<\/strong> O delegado devia ter citado os seguintes fatos:<\/h3>\n<h3 style=\"text-align: justify;\">\u2014 uma semana antes, em 6 de janeiro de 2011, o Estad\u00e3o\u00a0j\u00e1 informava\u00a0que a mudan\u00e7a de Lula de Bras\u00edlia seria levada para seu s\u00edtio em Atibaia;<\/h3>\n<h3 style=\"text-align: justify;\">\u2014\u00a0a mudan\u00e7a \u2014 inclusive 37 caixas de bebida \u2014 seguiu, de fato, para o s\u00edtio, como mostrou recente\u00a0<a href=\"http:\/\/veja.abril.com.br\/noticia\/brasil\/ao-deixar-o-planalto-lula-levou-mudanca-para-sitio-em-atibaia\">reportagem<\/a>\u00a0de VEJA;<\/h3>\n<h3 style=\"text-align: justify;\">\u2014 a\u00a0mudan\u00e7a \u2014 paga pela Presid\u00eancia \u2014 foi entregue no dia 8 de janeiro de 2011.<\/h3>\n<h3 style=\"text-align: justify;\"><strong>b)<\/strong> O delegado devia ter feito a pergunta que antecipei <a href=\"http:\/\/veja.abril.com.br\/blog\/felipe-moura-brasil\/cultura\/defesas-de-dilma-e-lula-sao-demolidas-pelos-fatos\/\" target=\"_blank\">aqui<\/a>:<\/h3>\n<h3 style=\"text-align: justify;\">Como pode o senhor\u00a0s\u00f3 ter sabido da compra do s\u00edtio 3 dias depois de sua mudan\u00e7a ter ido para l\u00e1 e 7 dias depois que a imprensa a noticiou?<\/h3>\n<h3 style=\"text-align: justify;\">Provavelmente, Lula diria que n\u00e3o l\u00ea o Estad\u00e3o e que n\u00e3o foi ele quem cuidou da mudan\u00e7a, ent\u00e3o n\u00e3o sabia de nada, como de costume.\u00a0Mas era necess\u00e1rio\u00a0registrar.<\/h3>\n<h3 style=\"text-align: justify;\"><strong>3)<\/strong>\u00a0Sobre os pedalinhos do s\u00edtio, <a href=\"http:\/\/veja.abril.com.br\/blog\/felipe-moura-brasil\/cultura\/pedalinhos-de-sitio-de-atibaia-tem-nome-de-netos-de-lula\/\" target=\"_blank\">identificados neste blog<\/a> como tendo os nomes dos netos de Lula, ele respondeu ao delegado:<\/h3>\n<h3 style=\"text-align: justify;\">\u201cCertamente que a dona Marisa adoraria ver os netos dela e outras crian\u00e7as que fossem l\u00e1 possivelmente passear naquilo (\u2026). Eu fico, acho que n\u00e3o \u00e9 legal, eu fico constrangido de voc\u00ea me perguntar de pedalinho e de me perguntar de um barco de 3 mil reais, sinceramente eu fico.\u201d<\/h3>\n<h3 style=\"text-align: justify;\">Eu fico, acho que \u00e9 bem legal, eu fico contente e orgulhoso de ter ajudado a constranger\u00a0Lula.<\/h3>\n<h3 style=\"text-align: justify;\"><strong>4)<\/strong> Sobre ter pedido\u00a0dinheiro a empresas para seu\u00a0Instituto, Lula disse ao delegado:<\/h3>\n<h3 style=\"text-align: justify;\">\u201cN\u00e3o, porque n\u00e3o faz parte da minha vida pol\u00edtica, ou seja, eu desde que estava no sindicato eu tomei uma decis\u00e3o: eu n\u00e3o posso pedir nada a ningu\u00e9m porque <strong>eu ficaria vulner\u00e1vel diante das pessoas<\/strong>\u201d.<\/h3>\n<h3 style=\"text-align: justify;\">Diante das suspeitas contra\u00a0Lula, \u00e9 inevit\u00e1vel traduzir a frase como \u201ceu sempre usei operadores\u201d, \u201ceu sempre usei laranjas\u201d.<\/h3>\n<h3 style=\"text-align: justify;\">Este blog relembra a\u00a0conclus\u00e3o\u00a0do ent\u00e3o procurador-geral da Rep\u00fablica Roberto Gurgel\u00a0sobre\u00a0a atua\u00e7\u00e3o de Jos\u00e9 Dirceu no mensal\u00e3o:<\/h3>\n<h3 style=\"text-align: justify;\">\u201c\u00c9 certo que, em sua defesa, o acusado afirma que n\u00e3o existe <a id=\"PXLINK_1_0_0\" class=\"pxInta\" href=\"http:\/\/veja.abril.com.br\/blog\/felipe-moura-brasil\/cultura\/cinismo-de-lula-em-depoimento-a-pf-e-incalculavel\/#\">prova<\/a> de que tenha praticado os atos que lhe atribui a den\u00fancia. Isto porque, <strong>como quase sempre ocorre com chefes de quadrilha, o acusado n\u00e3o aparece ou n\u00e3o apareceu ostensivamente nos atos de execu\u00e7\u00e3o de esquema<\/strong>.\u201d<\/h3>\n<h3 style=\"text-align: justify;\">Tirem suas pr\u00f3prias conclus\u00f5es.<\/h3>\n<h3 style=\"text-align: justify;\"><iframe loading=\"lazy\" src=\"https:\/\/www.youtube.com\/embed\/YbdiDajIFhk?start=526&amp;feature=oembed\" width=\"584\" height=\"439\" frameborder=\"0\" allowfullscreen=\"allowfullscreen\"><\/iframe><\/h3>\n<h3 style=\"text-align: justify;\"><strong>5)<\/strong> Tuitei em 22 de fevereiro:<\/h3>\n<h3 class=\"clear-box\" style=\"text-align: justify;\"><a class=\"clear-box\" href=\"http:\/\/veja.abril.com.br\/blog\/felipe-moura-brasil\/files\/2016\/03\/Captura-de-Tela-2016-03-14-as-13.36.43-e1457982167178.png\" class=\"gallery_colorbox\"><img loading=\"lazy\" class=\"  wp-image-44870 alignleft\" src=\"http:\/\/veja.abril.com.br\/blog\/felipe-moura-brasil\/files\/2016\/03\/Captura-de-Tela-2016-03-14-as-13.36.43-e1457982167178.png\"  alt=\"Captura de Tela 2016-03-14 as 13.36.43\" width=\"586\" height=\"259\" \/><\/a><\/h3>\n<h3 style=\"text-align: justify;\">O tu\u00edte virou\u00a0um\u00a0post mais completo neste blog, intitulado: \u201c<a href=\"http:\/\/veja.abril.com.br\/blog\/felipe-moura-brasil\/cultura\/depois-de-o-pt-nao-tem-marqueteiro-so-falta-instituto-lula-e-de-fhc\/\" target=\"_blank\">Depois de \u2018O PT n\u00e3o tem marqueteiro\u2019, s\u00f3 falta \u2018Instituto Lula \u00e9 de FHC\u2019<\/a><strong>\u201c.<\/strong><\/h3>\n<h3 style=\"text-align: justify;\">Pois bem. Agora sabemos o que Lula disse \u00e0 PF a respeito:<\/h3>\n<h3 style=\"text-align: justify;\">\u201cEu era, na verdade<strong> eu era a fotografia do instituto<\/strong>, eu era a cara do instituto, era n\u00e3o, eu sou a cara do instituto, o instituto est\u00e1 ali por minha causa, o do Clinton s\u00f3 existe por conta dele, o do Kofi Annan s\u00f3 existe por conta dele, qualquer instituto s\u00f3 existe em fun\u00e7\u00e3o da cara da pessoa que d\u00e1 o nome, o Instituto Mandela existe por causa do Mandela, ent\u00e3o o instituto vai existir, eu n\u00e3o sei se vai persistir quando eu morrer, mas enquanto eu existir est\u00e1 l\u00e1 o instituto.\u201d<\/h3>\n<h3 style=\"text-align: justify;\">Questionado se autoriza gastos, Lula disse ainda:<\/h3>\n<h3 style=\"text-align: justify;\"><em>\u201cEu n\u00e3o autorizo porque eu n\u00e3o, <strong>no instituto hoje eu sou s\u00f3 presidente de honra<\/strong> e voc\u00ea sabe que se um dia voc\u00ea for presidente de honra da Pol\u00edcia Federal aqui voc\u00ea n\u00e3o representa mais nada, ou seja, ent\u00e3o o presidente de honra <strong>\u00e9 um cargo de honra s\u00f3, eu n\u00e3o participo das reuni\u00f5es da diretoria, eu n\u00e3o participo das decis\u00f5es, porque o instituto tem uma diretoria pr\u00f3pria<\/strong>\u201c.<\/em><\/h3>\n<h3 style=\"text-align: justify;\">Como quer\u00edamos demonstrar: s\u00f3 faltou dizer \u201cInstituto Lula \u00e9 de FHC\u201d.<\/h3>\n<h3 style=\"text-align: justify;\"><strong>6)<\/strong> Lula\u00a0disse \u00e0 PF\u00a0que n\u00e3o participa da gest\u00e3o de seu instituto e que a \u00fanica sede dele \u00e9 aquela\u00a0\u201cs\u00f3 em S\u00e3o Paulo, s\u00f3 naquele lugarzinho ali<em>\u201d <\/em>no bairro Ipiranga, mas, ao ser\u00a0confrontado\u00a0sobre a exist\u00eancia de uma outra sala em S\u00e3o Bernardo do Campo, onde a PF\u00a0encontrou documentos, Lula sabia exatamente o que funciona l\u00e1 e at\u00e9 confirmou o nome do dono do im\u00f3vel:<\/h3>\n<h3 style=\"text-align: justify;\"><em><strong>Lula:<\/strong>\u00a0L\u00e1 funciona a assessoria de imprensa, l\u00e1 funciona o blog do instituto, l\u00e1 funciona a presid\u00eancia do instituto.<\/em><\/h3>\n<h3 style=\"text-align: justify;\"><em><strong>Delegado da PF:\u00a0<\/strong>Certo. O senhor conhece Jair Francisco Sapurani?<\/em><\/h3>\n<h3 style=\"text-align: justify;\"><em><strong>Lula:<\/strong>\u00a0Deve ser o propriet\u00e1rio que alugou a casa.<\/em><\/h3>\n<h3 style=\"text-align: justify;\">Em suma: Lula quer que a PF acredite que ele conhece o funcionamento das sedes, mas n\u00e3o o do dinheiro. Aham.<\/h3>\n<h3 style=\"text-align: justify;\"><strong>7)<\/strong> Lula disse que a fun\u00e7\u00e3o de pedir dinheiro em nome do Instituto cabe \u00e0 \u201cdire\u00e7\u00e3o do instituto\u201d.<\/h3>\n<h3 style=\"text-align: justify;\"><strong>Delegado da PF:<\/strong>\u00a0Ent\u00e3o \u00e9 poss\u00edvel, por exemplo, que o pr\u00f3prio Paulo Okamotto ou a Clara Ant tenham pedido doa\u00e7\u00f5es a qualquer empresa, entre elas a Camargo Correa?<\/h3>\n<h3 style=\"text-align: justify;\"><strong>Lula:\u00ad<\/strong> \u00c9 poss\u00edvel, \u00e9 poss\u00edvel.<\/h3>\n<h3 style=\"text-align: justify;\">Em seguida, o delegado pergunta sobre cada empreiteira que pode ter feito doa\u00e7\u00e3o\u00a0e Lula vai confirmando\u00a0at\u00e9 responder de uma vez:<\/h3>\n<h3 style=\"text-align: justify;\"><strong>Lula<\/strong>:\u00ad Todas, todas, todas.<\/h3>\n<h3 style=\"text-align: justify;\"><strong>(\u2026)\u00a0<\/strong><strong>Delegado da Pol\u00edcia Federal<\/strong>:\u00ad Enfim, todas essas fizeram doa\u00e7\u00f5es ao Instituto Lula\u2026<\/h3>\n<h3 style=\"text-align: justify;\"><strong>Lula<\/strong>:\u00ad N\u00e3o sei se todas fizeram.<\/h3>\n<h3 style=\"text-align: justify;\"><strong>Delegado da Pol\u00edcia Federal<\/strong>:\u00ad N\u00e3o sabe?<\/h3>\n<h3 style=\"text-align: justify;\"><strong>Lula<\/strong>:\u00ad N\u00e3o sei, querido.<\/h3>\n<h3 style=\"text-align: justify;\">O que Lula sabe \u00e9 que tentou jogar a culpa em Paulo Okamotto e Clara Ant para n\u00e3o ficar vulner\u00e1vel diante das pessoas.<\/h3>\n<h3 style=\"text-align: justify;\">Os operadores existem, afinal, para levar a culpa do chefe na hora do aperto.<\/h3>\n<h3 style=\"text-align: justify;\">Como quer\u00edamos demonstrar na edi\u00e7\u00e3o de imagens do samba:<\/h3>\n<h3 style=\"text-align: justify;\"><iframe loading=\"lazy\" src=\"https:\/\/www.youtube.com\/embed\/nPFCc-Dsu7Q?start=42&amp;feature=oembed\" width=\"585\" height=\"440\" frameborder=\"0\" allowfullscreen=\"allowfullscreen\"><\/iframe><\/h3>\n<h3 style=\"text-align: justify;\"><strong>8) <\/strong>Lula confirmou \u00e0 PF que seu Instituto, criado\u00a0\u2013\u00a0em tese\u00a0\u2013\u00a0para combater a fome no mundo, n\u00e3o doou um centavo arrecadado junto \u00e0s empreiteiras para as pessoas famintas de lugar algum.<\/h3>\n<h3 style=\"text-align: justify;\"><em><strong>Delegado da PF:<\/strong>\u00a0E foi enviado algum recurso para a \u00c1frica para eventualmente ajudar na mis\u00e9ria ou fome, alguma coisa assim?<\/em><\/h3>\n<h3 style=\"text-align: justify;\"><em><strong>Lula:<\/strong>\u00a0N\u00e3o, n\u00e3o.<\/em><\/h3>\n<h3 style=\"text-align: justify;\"><em><strong>Delegado da PF:<\/strong>\u00a0Aqui no Brasil foi\u2026<\/em><\/h3>\n<h3 style=\"text-align: justify;\"><em><strong>Lula:<\/strong>\u00a0Que eu saiba n\u00e3o.<\/em><\/h3>\n<h3 style=\"text-align: justify;\"><em><strong>Delegado da PF:<\/strong>\u00a0E aqui no Brasil?<\/em><\/h3>\n<h3 style=\"text-align: justify;\"><em><strong>Declarante:<\/strong>\u00a0Deixa eu lhe falar<\/em><em>, o instituto n\u00e3o \u00e9 uma ONG, o instituto n\u00e3o \u00e9, eu tomei uma decis\u00e3o que o instituto n\u00e3o seria uma ONG, n\u00f3s n\u00e3o vamos fazer um instituto que \u2018Ah, mandar 10 milh\u00f5es para cuidar n\u00e3o sei do que, n\u00e3o sei aonde\u2019, n\u00e3o, n\u00e3o \u00e9 esse o papel do instituto, o papel do instituto \u00e9 tentar mostrar para as pessoas que \u00e9 poss\u00edvel pescar, <strong>o papel do instituto \u00e9 ensinar as pessoas a pescar os mesmos peixes que n\u00f3s pegamos no Brasil<\/strong>, mostrar que \u00e9 poss\u00edvel um pa\u00eds se desenvolver, evoluir, gerar emprego, gerar renda, melhorar a vida de todo mundo,\u00a0<\/em><em><strong>melhorou a vida da Pol\u00edcia Federal pra cacete<\/strong>no meu governo, melhorou a vida dos catadores de papel pra cacete, melhorou a vida do pequeno produtor rural como nunca melhorou nesse pa\u00eds, ent\u00e3o o que n\u00f3s fazemos \u00e9 mostrar o que acontece, o que \u00e9 poss\u00edvel fazer num pa\u00eds, esse \u00e9 o papel do instituto.<\/em><\/h3>\n<p><!--more--><\/p>\n<h3 style=\"text-align: justify;\">O Instituto Lula, de fato, pescou todos, todos, todos os maiores peixes do petrol\u00e3o.<\/h3>\n<h3 style=\"text-align: justify;\">Isso melhorou a vida do Lula pra cacete.<\/h3>\n<h3 style=\"text-align: justify;\"><strong>9)<\/strong> Lula disse n\u00e3o saber da doa\u00e7\u00e3o de 2,4 milh\u00f5es de reais\u00a0em caixa dois para o caixa eleitoral de\u00a0sua campanha de 2006.<\/h3>\n<h3 style=\"text-align: justify;\">A doa\u00e7\u00e3o\u00a0foi feita por empreiteiras do Clube do Bilh\u00e3o da Petrobras, segundo o delator <a id=\"PXLINK_3_0_2\" class=\"pxInta\" href=\"http:\/\/veja.abril.com.br\/blog\/felipe-moura-brasil\/cultura\/cinismo-de-lula-em-depoimento-a-pf-e-incalculavel\/#\">Ricardo<\/a> Pessoa.<\/h3>\n<h3 style=\"text-align: justify;\">\u201cDeixa eu lhe falar uma coisa, um Presidente da Rep\u00fablica que se preze n\u00e3o discute dinheiro de campanha, se ele quiser ser presidente de fato e de direito ele n\u00e3o discute dinheiro de campanha\u201d, respondeu Lula \u00e0 PF.<\/h3>\n<h3 style=\"text-align: justify;\">Diante das suspeitas contra Lula e PT, \u00e9 inevit\u00e1vel traduzir a frase como \u201cse voc\u00ea quer ser presidente do Brasil, tem de fazer vista grossa ao dinheiro sujo que entra na sua campanha\u201d.<\/h3>\n<h3 style=\"text-align: justify;\"><strong>10)<\/strong>\u00a0O delegado tamb\u00e9m perguntou\u00a0se o petista Jos\u00e9 de Filippi,\u00a0tesoureiro da campanha de reelei\u00e7\u00e3o de Lula em 2006, tem alguma rela\u00e7\u00e3o com\u00a0a empresa de palestras de Lula, L.I.L.S:<\/h3>\n<h3 style=\"text-align: justify;\"><strong>Lula:<\/strong> N\u00e3o tem.<\/h3>\n<h3 style=\"text-align: justify;\"><strong>Delegado da PF:<\/strong> Nunca teve?<\/h3>\n<h3 style=\"text-align: justify;\"><strong>Lula:<\/strong> Nunca teve.<\/h3>\n<h3 style=\"text-align: justify;\"><strong>Delegado da PF:<\/strong> Ent\u00e3o ele nunca teria autoriza\u00e7\u00e3o para pedir ou fazer agendamento de palestras, tratar \u00a0qualquer valor de remunera\u00e7\u00e3o a palestras?<\/h3>\n<h3 style=\"text-align: justify;\"><strong>Lula:<\/strong> N\u00e3o.<\/h3>\n<h3 style=\"text-align: justify;\"><strong>Delegado da PF:<\/strong> Isso o senhor afirma com certeza?<\/h3>\n<h3 style=\"text-align: justify;\"><strong>Lula:<\/strong> Tem 99% de possibilidade que ele nunca tratou disso.<\/h3>\n<h3 style=\"text-align: justify;\">Ah, querido, aquele 1%\u2026<\/h3>\n<h3 style=\"text-align: justify;\"><strong>11) <\/strong>Nunca antes na hist\u00f3ria deste pa\u00eds um ex-presidente escarneceu tanto dos pobres como Lula:<\/h3>\n<h3 style=\"text-align: justify;\"><strong>Delegado da PF:<\/strong> <em>Qual era a inten\u00e7\u00e3o da segunda visita [<\/em>ao triplex do Guaruj\u00e1<em>]<\/em><em>?<\/em><\/h3>\n<h3 style=\"text-align: justify;\"><strong>Lula: <\/strong><em>Quando eu fui a primeira vez, eu disse ao L\u00e9o [<\/em>Pinheiro]\u00a0<em>que o pr\u00e9dio era inadequado porque al\u00e9m de ser pequeno, um triplex de 215 metros \u00e9 um triplex \u201cMinha Casa, Minha Vida\u201d, era pequeno.<\/em><\/h3>\n<h3 style=\"text-align: justify;\">O\u00a0cinismo de Lula \u00e9\u00a0incalcul\u00e1vel.<\/h3>\n","protected":false},"excerpt":{"rendered":"<p>Veja mais de 10 pontos tragic\u00f4micos, desmascarados e comentados pelo blog 1) Lula, em nota ao Jornal Nacional:\u00a0\u201cN\u00e3o comprei nem ganhei apartamento, mans\u00e3o, s\u00edtio\u201c.\u00a0Lula, em depoimento \u00e0 PF: \u201ctudo que os companheiros que compraram o s\u00edtio fizeram foi tentar garantir que eu tivesse um lugar pra descansar\u201d. Lula ganhou o s\u00edtio, sim, para seu descanso. [&hellip;]<\/p>\n","protected":false},"author":2,"featured_media":0,"comment_status":"open","ping_status":"open","sticky":false,"template":"","format":"standard","meta":{"_links_to":"","_links_to_target":""},"categories":[1],"tags":[],"_links":{"self":[{"href":"https:\/\/www.blogdotarugao.com.br\/v1\/wp-json\/wp\/v2\/posts\/54909"}],"collection":[{"href":"https:\/\/www.blogdotarugao.com.br\/v1\/wp-json\/wp\/v2\/posts"}],"about":[{"href":"https:\/\/www.blogdotarugao.com.br\/v1\/wp-json\/wp\/v2\/types\/post"}],"author":[{"embeddable":true,"href":"https:\/\/www.blogdotarugao.com.br\/v1\/wp-json\/wp\/v2\/users\/2"}],"replies":[{"embeddable":true,"href":"https:\/\/www.blogdotarugao.com.br\/v1\/wp-json\/wp\/v2\/comments?post=54909"}],"version-history":[{"count":2,"href":"https:\/\/www.blogdotarugao.com.br\/v1\/wp-json\/wp\/v2\/posts\/54909\/revisions"}],"predecessor-version":[{"id":54912,"href":"https:\/\/www.blogdotarugao.com.br\/v1\/wp-json\/wp\/v2\/posts\/54909\/revisions\/54912"}],"wp:attachment":[{"href":"https:\/\/www.blogdotarugao.com.br\/v1\/wp-json\/wp\/v2\/media?parent=54909"}],"wp:term":[{"taxonomy":"category","embeddable":true,"href":"https:\/\/www.blogdotarugao.com.br\/v1\/wp-json\/wp\/v2\/categories?post=54909"},{"taxonomy":"post_tag","embeddable":true,"href":"https:\/\/www.blogdotarugao.com.br\/v1\/wp-json\/wp\/v2\/tags?post=54909"}],"curies":[{"name":"wp","href":"https:\/\/api.w.org\/{rel}","templated":true}]}}