{"id":54918,"date":"2016-03-15T13:46:28","date_gmt":"2016-03-15T16:46:28","guid":{"rendered":"http:\/\/www.blogdotarugao.com.br\/v1\/?p=54918"},"modified":"2016-03-15T13:46:28","modified_gmt":"2016-03-15T16:46:28","slug":"mulher-de-marqueteiro-do-pt-monica-moura-decide-fazer-delacao","status":"publish","type":"post","link":"https:\/\/www.blogdotarugao.com.br\/v1\/2016\/03\/15\/mulher-de-marqueteiro-do-pt-monica-moura-decide-fazer-delacao\/","title":{"rendered":"Mulher de marqueteiro do PT, M\u00f4nica Moura decide fazer dela\u00e7\u00e3o"},"content":{"rendered":"<h3 style=\"text-align: justify;\"><img loading=\"lazy\" class=\"  wp-image-54919 alignleft\" src=\"http:\/\/www.blogdotarugao.com.br\/v1\/wp-content\/uploads\/2016\/03\/M-DELA\u00c7\u00c3O.jpg\" alt=\"M DELA\u00c7\u00c3O\" width=\"586\" height=\"586\" srcset=\"https:\/\/www.blogdotarugao.com.br\/v1\/wp-content\/uploads\/2016\/03\/M-DELA\u00c7\u00c3O.jpg 300w, https:\/\/www.blogdotarugao.com.br\/v1\/wp-content\/uploads\/2016\/03\/M-DELA\u00c7\u00c3O-150x150.jpg 150w\" sizes=\"(max-width: 586px) 100vw, 586px\" \/>A empres\u00e1ria M\u00f4nica Moura, mulher e s\u00f3cia do publicit\u00e1rio Jo\u00e3o Santana, marqueteiro das campanhas presidenciais de Lula (2006) e de Dilma (2010 e 2014), decidiu fazer dela\u00e7\u00e3o premiada. O casal foi preso na opera\u00e7\u00e3o Acaraj\u00e9, 23\u00aa fase da Lava Jato.<\/h3>\n<h3 style=\"text-align: justify;\">M\u00f4nica ainda n\u00e3o formalizou o acordo. Os termos da colabora\u00e7\u00e3o est\u00e3o sendo definidos com os procuradores com a for\u00e7a-tarefa da Lava Jato.<\/h3>\n<h3 style=\"text-align: justify;\">A mulher de Santana cuidava da parte financeira da Polis Propaganda e Marketing, empresa que fez as campanhas de Dilma. O casal est\u00e1 sob suspeita de recebimento de US$ 7,5 milh\u00f5es da Odebrecht via offshore no exterior.<\/h3>\n<h3 style=\"text-align: justify;\">M\u00f4nica trocou de advogado na semana passada. Ela contratou Juliano Campelo Prestes, que atua em Curitiba, base da Lava jato, onde ela est\u00e1 detida. O advogado fez a dela\u00e7\u00e3o premiada do lobista Milton Pascowitch &#8211;piv\u00f4 da pris\u00e3o do ex-ministro Jos\u00e9 Dirceu, tamb\u00e9m\u00a0na Lava Jato.<\/h3>\n<h3 style=\"text-align: justify;\">Santana continuar\u00e1 sendo defendido pelo criminalista Fabio Tofic. A tese da defesa \u00e9 que Santana atuava apenas na parte de cria\u00e7\u00e3o da ag\u00eancia.<\/h3>\n<div class=\"conteudo\">\n<h3 class=\"color14\">AL\u00c9M DE PETISTAS, SANTANA FEZ CAMPANHA PARA CH\u00c1VEZ E MADURO<\/h3>\n<h3 class=\"color14\"><iframe loading=\"lazy\" src=\"http:\/\/imasdk.googleapis.com\/js\/core\/bridge3.123.0_pt_br.html#goog_2018628603\" width=\"584\" height=\"292\"><\/iframe><\/h3>\n<\/div>\n<h3 style=\"text-align: justify;\">Nesta segunda-feira (14), foi divulgado que o ministro Teori Zavascki, relator da Lava Jato no Supremo Tribunal Federal (STF), pediu que o juiz S\u00e9rgio Moro apresente informa\u00e7\u00f5es sobre a pris\u00e3o de Santana. A defesa do publicit\u00e1rio entrou com pedido para que a Suprema Corte anule sua pris\u00e3o.<\/h3>\n<h3 style=\"text-align: justify;\">A defesa de Santana questiona a autoridade de Moro para conduzir as investiga\u00e7\u00f5es. A alega\u00e7\u00e3o \u00e9 de que &#8220;se trata de apurar a ocorr\u00eancia de poss\u00edveis crimes eleitorais, que envolvem, ao que tudo indica, autoridades detentoras de prerrogativa de foro&#8221;.<\/h3>\n<h3 style=\"text-align: justify;\">De acordo com os advogados do marqueteiro, as investiga\u00e7\u00f5es sempre tiveram como objetivo as campanhas eleitorais de Lula e Dilma. Por isso, deveriam ser examinadas pelo Tribunal Superior Eleitoral (TSE), e n\u00e3o pela Justi\u00e7a Federal do Paran\u00e1.<\/h3>\n","protected":false},"excerpt":{"rendered":"<p>A empres\u00e1ria M\u00f4nica Moura, mulher e s\u00f3cia do publicit\u00e1rio Jo\u00e3o Santana, marqueteiro das campanhas presidenciais de Lula (2006) e de Dilma (2010 e 2014), decidiu fazer dela\u00e7\u00e3o premiada. O casal foi preso na opera\u00e7\u00e3o Acaraj\u00e9, 23\u00aa fase da Lava Jato. M\u00f4nica ainda n\u00e3o formalizou o acordo. Os termos da colabora\u00e7\u00e3o est\u00e3o sendo definidos com os [&hellip;]<\/p>\n","protected":false},"author":2,"featured_media":0,"comment_status":"open","ping_status":"open","sticky":false,"template":"","format":"standard","meta":{"_links_to":"","_links_to_target":""},"categories":[1],"tags":[],"_links":{"self":[{"href":"https:\/\/www.blogdotarugao.com.br\/v1\/wp-json\/wp\/v2\/posts\/54918"}],"collection":[{"href":"https:\/\/www.blogdotarugao.com.br\/v1\/wp-json\/wp\/v2\/posts"}],"about":[{"href":"https:\/\/www.blogdotarugao.com.br\/v1\/wp-json\/wp\/v2\/types\/post"}],"author":[{"embeddable":true,"href":"https:\/\/www.blogdotarugao.com.br\/v1\/wp-json\/wp\/v2\/users\/2"}],"replies":[{"embeddable":true,"href":"https:\/\/www.blogdotarugao.com.br\/v1\/wp-json\/wp\/v2\/comments?post=54918"}],"version-history":[{"count":1,"href":"https:\/\/www.blogdotarugao.com.br\/v1\/wp-json\/wp\/v2\/posts\/54918\/revisions"}],"predecessor-version":[{"id":54920,"href":"https:\/\/www.blogdotarugao.com.br\/v1\/wp-json\/wp\/v2\/posts\/54918\/revisions\/54920"}],"wp:attachment":[{"href":"https:\/\/www.blogdotarugao.com.br\/v1\/wp-json\/wp\/v2\/media?parent=54918"}],"wp:term":[{"taxonomy":"category","embeddable":true,"href":"https:\/\/www.blogdotarugao.com.br\/v1\/wp-json\/wp\/v2\/categories?post=54918"},{"taxonomy":"post_tag","embeddable":true,"href":"https:\/\/www.blogdotarugao.com.br\/v1\/wp-json\/wp\/v2\/tags?post=54918"}],"curies":[{"name":"wp","href":"https:\/\/api.w.org\/{rel}","templated":true}]}}