{"id":55360,"date":"2016-03-18T17:50:50","date_gmt":"2016-03-18T20:50:50","guid":{"rendered":"http:\/\/www.blogdotarugao.com.br\/v1\/?p=55360"},"modified":"2016-03-18T17:50:50","modified_gmt":"2016-03-18T20:50:50","slug":"justica-do-rj-derruba-segunda-liminar-e-lula-assume-ministerio","status":"publish","type":"post","link":"https:\/\/www.blogdotarugao.com.br\/v1\/2016\/03\/18\/justica-do-rj-derruba-segunda-liminar-e-lula-assume-ministerio\/","title":{"rendered":"Justi\u00e7a do RJ derruba segunda liminar e Lula assume minist\u00e9rio"},"content":{"rendered":"<div id=\"attachment_55206\" style=\"width: 596px\" class=\"wp-caption alignleft\"><img aria-describedby=\"caption-attachment-55206\" loading=\"lazy\" class=\"  wp-image-55206\" src=\"http:\/\/www.blogdotarugao.com.br\/v1\/wp-content\/uploads\/2016\/03\/lulap1.jpeg\" alt=\"lulap1\" width=\"586\" height=\"440\" srcset=\"https:\/\/www.blogdotarugao.com.br\/v1\/wp-content\/uploads\/2016\/03\/lulap1.jpeg 690w, https:\/\/www.blogdotarugao.com.br\/v1\/wp-content\/uploads\/2016\/03\/lulap1-300x225.jpeg 300w\" sizes=\"(max-width: 586px) 100vw, 586px\" \/><p id=\"caption-attachment-55206\" class=\"wp-caption-text\">Ex-Presidente Lula, durante cerim\u00f4nia de posse dos novos ministros na quinta-feira (17), em Bras\u00edlia (Evaristo Sa\/AFP)<\/p><\/div>\n<h3 style=\"text-align: justify;\">O desembargador Reis Friede, vice-presidente do Tribunal Regional Federal da 2\u00aa Regi\u00e3o, no Rio de Janeiro, suspendeu a liminar da Justi\u00e7a Federal do Rio de Janeiro que impossibilitava a posse do ex-presidente Luiz In\u00e1cio Lula da Silva na Casa Civil. Com a queda das duas liminares que impediam o petista de assumir o cargo, Lula pode exercer suas fun\u00e7\u00f5es como chefe do minist\u00e9rio mais importante. Na quarta-feira, a Justi\u00e7a do Distrito Federal <strong><a href=\"http:\/\/veja.abril.com.br\/noticia\/brasil\/justica-do-df-derruba-uma-das-liminares-que-suspendia-posse-de-lula\" target=\"_blank\" rel=\"\">derrubou a liminar<\/a><\/strong> da Justi\u00e7a Federal de Bras\u00edlia.<\/h3>\n<h3 style=\"text-align: justify;\">At\u00e9 agora, h\u00e1 <strong><a href=\"http:\/\/veja.abril.com.br\/noticia\/brasil\/stf-ja-reune-dez-acoes-contra-posse-de-lula\" target=\"_blank\" rel=\"\">dez a\u00e7\u00f5es<\/a><\/strong> no STF que questionam a posse de Lula na Casa Civil. Elas foram propostas por partidos de oposi\u00e7\u00e3o &#8211; PSDB, PSB e PPS &#8211; e tamb\u00e9m por pessoas comuns, advogados e entidades. A maioria delas, seis, est\u00e1 sob a relatoria do ministro Gilmar Mendes. &#8220;Os advogados do ex-presidente devem ser notificados sobre a decis\u00e3o do TRF2 e ele passa, automaticamente, a assumir o cargo&#8221;, explica o advogado e professor da Faculdade de Direito do Mackenzie Gustavo Nicolau.<\/h3>\n<h3 style=\"text-align: justify;\">Na decis\u00e3o, Friede entendeu que o juiz de primeiro grau &#8220;n\u00e3o \u00e9 competente para analisar o pedido apresentado na a\u00e7\u00e3o popular, uma vez que este impugna ato privativo de Presidente da Rep\u00fablica, o qual deve ser apreciado pelo Supremo Tribunal Federal&#8221;. Tamb\u00e9m advertiu que a liminar poderia acarretar grave les\u00e3o \u00e0 ordem e \u00e0 economia p\u00fablicas, &#8220;tendo em vista o risco de agravamento da crise pol\u00edtico-social que a na\u00e7\u00e3o atravessa&#8221;.<\/h3>\n<h3 style=\"text-align: justify;\">Diante do &#8220;clamor social&#8221; que vivemos, segundo o vice-presidente do TRF2, o poder Judici\u00e1rio n\u00e3o pode se deixar levar por quest\u00f5es pol\u00edticas, mas deve se basear na Constitui\u00e7\u00e3o. &#8220;Os atos administrativos gozam de presun\u00e7\u00e3o de legalidade, veracidade e legitimidade&#8221;, ressaltou.<\/h3>\n","protected":false},"excerpt":{"rendered":"<p>O desembargador Reis Friede, vice-presidente do Tribunal Regional Federal da 2\u00aa Regi\u00e3o, no Rio de Janeiro, suspendeu a liminar da Justi\u00e7a Federal do Rio de Janeiro que impossibilitava a posse do ex-presidente Luiz In\u00e1cio Lula da Silva na Casa Civil. Com a queda das duas liminares que impediam o petista de assumir o cargo, Lula [&hellip;]<\/p>\n","protected":false},"author":2,"featured_media":0,"comment_status":"open","ping_status":"open","sticky":false,"template":"","format":"standard","meta":{"_links_to":"","_links_to_target":""},"categories":[18,1,7],"tags":[],"_links":{"self":[{"href":"https:\/\/www.blogdotarugao.com.br\/v1\/wp-json\/wp\/v2\/posts\/55360"}],"collection":[{"href":"https:\/\/www.blogdotarugao.com.br\/v1\/wp-json\/wp\/v2\/posts"}],"about":[{"href":"https:\/\/www.blogdotarugao.com.br\/v1\/wp-json\/wp\/v2\/types\/post"}],"author":[{"embeddable":true,"href":"https:\/\/www.blogdotarugao.com.br\/v1\/wp-json\/wp\/v2\/users\/2"}],"replies":[{"embeddable":true,"href":"https:\/\/www.blogdotarugao.com.br\/v1\/wp-json\/wp\/v2\/comments?post=55360"}],"version-history":[{"count":1,"href":"https:\/\/www.blogdotarugao.com.br\/v1\/wp-json\/wp\/v2\/posts\/55360\/revisions"}],"predecessor-version":[{"id":55361,"href":"https:\/\/www.blogdotarugao.com.br\/v1\/wp-json\/wp\/v2\/posts\/55360\/revisions\/55361"}],"wp:attachment":[{"href":"https:\/\/www.blogdotarugao.com.br\/v1\/wp-json\/wp\/v2\/media?parent=55360"}],"wp:term":[{"taxonomy":"category","embeddable":true,"href":"https:\/\/www.blogdotarugao.com.br\/v1\/wp-json\/wp\/v2\/categories?post=55360"},{"taxonomy":"post_tag","embeddable":true,"href":"https:\/\/www.blogdotarugao.com.br\/v1\/wp-json\/wp\/v2\/tags?post=55360"}],"curies":[{"name":"wp","href":"https:\/\/api.w.org\/{rel}","templated":true}]}}