{"id":5581,"date":"2014-03-11T08:20:51","date_gmt":"2014-03-11T11:20:51","guid":{"rendered":"http:\/\/www.blogdotarugao.com.br\/v1\/?p=5581"},"modified":"2014-03-11T08:20:51","modified_gmt":"2014-03-11T11:20:51","slug":"pp-esta-definido-na-vice-de-rui-leao-deve-ser-anunciado-ate-sabado","status":"publish","type":"post","link":"https:\/\/www.blogdotarugao.com.br\/v1\/2014\/03\/11\/pp-esta-definido-na-vice-de-rui-leao-deve-ser-anunciado-ate-sabado\/","title":{"rendered":"PP est\u00e1 definido na vice de Rui; Le\u00e3o deve ser anunciado at\u00e9 s\u00e1bado"},"content":{"rendered":"<div>\n<div><img alt=\"PP est\u00e1 definido na vice de Rui; Le\u00e3o deve ser anunciado at\u00e9 s\u00e1bado\" src=\"http:\/\/www.bahianoticias.com.br\/fotos\/principal_noticias\/151781\/xIMAGEM_NOTICIA_5.jpg.pagespeed.ic.cUKxBtARVn.jpg\" \/><\/p>\n<h5>Foto: Max Haack\/ Ag. Haack\/ Bahia Not\u00edcias<\/h5>\n<\/div>\n<div><\/div>\n<\/div>\n<div><strong>O governador Jaques Wagner deve enfim anunciar at\u00e9 o fim desta semana o nome do escolhido para ser vice na chapa liderada pelo seu secret\u00e1rio da Casa Civil, Rui Costa (PT), na elei\u00e7\u00e3o estadual deste ano. Na briga entre o PDT do presidente da Assembleia Legislativa Marcelo Nilo e o PP do deputado federal M\u00e1rio Negromonte quem levou a melhor foram os pepistas, segundo os comandantes do partido no estado. &#8220;O governador definiu: vai ficar entre eu e [Jo\u00e3o] Le\u00e3o. Sexta ou s\u00e1bado o governador divulga. Est\u00e1 mais perto do que longe, mas \u00e9 o governador que vai anunciar&#8221;, revelou Negromonte, em entrevista ao Bahia Not\u00edcias. Durante o carnaval, o nome de Le\u00e3o pintou como favorito na corrida pela indica\u00e7\u00e3o, como<a href=\"http:\/\/www.bahianoticias.com.br\/noticia\/151261-surge-novo-possivel-vice-de-rui-costa-joao-leao-e-do-pp-e-um-nome-revela-wagner.html\" target=\"_blank\">repercutido pelo BN com o pr\u00f3prio Wagner.<\/a>\u00a0&#8220;Se for Le\u00e3o, eu estou contemplado&#8221;, admitiu o ex-ministro das Cidades. &#8220;O PP est\u00e1 definido. O governador j\u00e1 definiu que vai ser o PP, agora precisamos definir quem do PP, se ser\u00e1 Eliana Boaventura, Ronaldo Carletto, Negromonte ou serei eu&#8221;, despistou Le\u00e3o, ao comentar o clima de ansiedade que antecede o an\u00fancio: &#8220;Sobre a expectativa, eu n\u00e3o sei&#8230; [risos]&#8221;. A reportagem apurou, no entanto, que, em uma reuni\u00e3o neste domingo (9), a c\u00fapula do PP cravou que o nome a ser indicado \u00e9 mesmo o de Le\u00e3o.<\/strong><\/div>\n","protected":false},"excerpt":{"rendered":"<p>Foto: Max Haack\/ Ag. Haack\/ Bahia Not\u00edcias O governador Jaques Wagner deve enfim anunciar at\u00e9 o fim desta semana o nome do escolhido para ser vice na chapa liderada pelo seu secret\u00e1rio da Casa Civil, Rui Costa (PT), na elei\u00e7\u00e3o estadual deste ano. Na briga entre o PDT do presidente da Assembleia Legislativa Marcelo Nilo [&hellip;]<\/p>\n","protected":false},"author":2,"featured_media":0,"comment_status":"open","ping_status":"open","sticky":false,"template":"","format":"standard","meta":{"_links_to":"","_links_to_target":""},"categories":[7],"tags":[],"_links":{"self":[{"href":"https:\/\/www.blogdotarugao.com.br\/v1\/wp-json\/wp\/v2\/posts\/5581"}],"collection":[{"href":"https:\/\/www.blogdotarugao.com.br\/v1\/wp-json\/wp\/v2\/posts"}],"about":[{"href":"https:\/\/www.blogdotarugao.com.br\/v1\/wp-json\/wp\/v2\/types\/post"}],"author":[{"embeddable":true,"href":"https:\/\/www.blogdotarugao.com.br\/v1\/wp-json\/wp\/v2\/users\/2"}],"replies":[{"embeddable":true,"href":"https:\/\/www.blogdotarugao.com.br\/v1\/wp-json\/wp\/v2\/comments?post=5581"}],"version-history":[{"count":1,"href":"https:\/\/www.blogdotarugao.com.br\/v1\/wp-json\/wp\/v2\/posts\/5581\/revisions"}],"predecessor-version":[{"id":5582,"href":"https:\/\/www.blogdotarugao.com.br\/v1\/wp-json\/wp\/v2\/posts\/5581\/revisions\/5582"}],"wp:attachment":[{"href":"https:\/\/www.blogdotarugao.com.br\/v1\/wp-json\/wp\/v2\/media?parent=5581"}],"wp:term":[{"taxonomy":"category","embeddable":true,"href":"https:\/\/www.blogdotarugao.com.br\/v1\/wp-json\/wp\/v2\/categories?post=5581"},{"taxonomy":"post_tag","embeddable":true,"href":"https:\/\/www.blogdotarugao.com.br\/v1\/wp-json\/wp\/v2\/tags?post=5581"}],"curies":[{"name":"wp","href":"https:\/\/api.w.org\/{rel}","templated":true}]}}