{"id":5647,"date":"2014-03-12T14:30:21","date_gmt":"2014-03-12T17:30:21","guid":{"rendered":"http:\/\/www.blogdotarugao.com.br\/v1\/?p=5647"},"modified":"2014-03-12T14:30:26","modified_gmt":"2014-03-12T17:30:26","slug":"leao-mergulha-mas-sera-o-vice-de-rui-costa","status":"publish","type":"post","link":"https:\/\/www.blogdotarugao.com.br\/v1\/2014\/03\/12\/leao-mergulha-mas-sera-o-vice-de-rui-costa\/","title":{"rendered":"Le\u00e3o mergulha, mas ser\u00e1 o vice de Rui Costa"},"content":{"rendered":"<p><img loading=\"lazy\" title=\"Foto: Edson Ruiz \/\/ Boc\u00e3o News\" alt=\"\" src=\"http:\/\/www.bocaonews.com.br\/ckfinder\/userfiles\/fotos_e_imagens\/POLITICA\/BAHIA\/DEP-FEDERAIS\/leao_negromonte.jpg\" width=\"512\" height=\"376\" \/><\/p>\n<p>Faz algum tempo que o deputado federal Jo\u00e3o Le\u00e3o (PP) est\u00e1 em sil\u00eancio acompanhando as discuss\u00f5es sobre a forma\u00e7\u00e3o da chapa majorit\u00e1ria da base aliada ao governador Jaques Wagner. O parlamentar foi emudecido ap\u00f3s disparar diversas cr\u00edticas ao secret\u00e1rio-chefe da Casa Civil, Rui Costa, que \u00e0 \u00e9poca ainda disputa a indica\u00e7\u00e3o para encabe\u00e7ar a chapa.<\/p>\n<div><img title=\"Foto: Edson Ruiz \/\/ Boc\u00e3o News\" alt=\"\" src=\"http:\/\/www.bocaonews.com.br\/ckfinder\/userfiles\/fotos_e_imagens\/POLITICA\/BAHIA\/DEP-FEDERAIS\/negromonte_wagner_junior.jpg\" \/>Nesta semana o Partido Progressista recebeu \u201csinal verde\u201d do governador Jaques Wagner para escolher o ocupante da vaga de vice. Os pepistas disputavam o espa\u00e7o com o presidente da Assembleia Legislativa, Marcelo Nilo (PDT). Os crit\u00e9rios para decis\u00e3o n\u00e3o foram expostos, mas nos bastidores especula-se que o tamanho do PP e a presen\u00e7a no Oeste baiano foram elementos determinantes no fechamento da conta.<\/p>\n<p>O pr\u00f3prio mandat\u00e1rio do Poder Executivo estadual teria confirmado a predile\u00e7\u00e3o por Le\u00e3o que, al\u00e9m de vencer Marcelo Nilo na peleja, conseguiu se posicionar melhor que o correligion\u00e1rio no intramuros. A sa\u00edda tamb\u00e9m foi \u201cfacilitada\u201d por representar uma terceira via na crescente tens\u00e3o entre o pedetista e Negromonte.<\/p>\n<p>O ex-ministro das Cidades ainda n\u00e3o tem o destino definido, o que se sabe \u00e9 que far\u00e1 campanha para o herdeiro pol\u00edtico, M\u00e1rio Negromonte J\u00fanior (PP), que tentar\u00e1 a vaga na C\u00e2mara Federal, hoje ele \u00e9 estadual. Al\u00e9m da empreitada eleitoral, o pepista buscar\u00e1 a indica\u00e7\u00e3o ao Tribunal de Contas.<\/p>\n<p>Parte do esp\u00f3lio eleitoral de Jo\u00e3o Le\u00e3o, que teve mais 203 mil votos na elei\u00e7\u00e3o de 2010 sendo o quarto mais votado da Bahia, deve ser transferido para o primeiro suplente do senador Walter Pinheiro (PT), Roberto Muniz (PP). A outra parte deve ser direcionada a outros aliados, al\u00e9m de M\u00e1rio J\u00fanior.<\/p>\n<p><strong>Mergulho<\/strong><img title=\"Foto: Edson Ruiz \/\/ Boc\u00e3o News\" alt=\"\" src=\"http:\/\/www.bocaonews.com.br\/ckfinder\/userfiles\/fotos_e_imagens\/POLITICA\/BAHIA\/DEP-FEDERAIS\/leao_wagner_.jpg\" \/><\/p>\n<p>At\u00e9 o an\u00fancio extraoficial, porque a confirma\u00e7\u00e3o s\u00f3 poder\u00e1 ser feita ap\u00f3s as conven\u00e7\u00f5es em junho, o cen\u00e1rio pode mudar e Negromonte voltar, mas hoje a decis\u00e3o est\u00e1 tomada e o nome \u00e9 Jo\u00e3o Le\u00e3o. A expectativa \u00e9 que as cortinas sejam abertas na pr\u00f3xima sexta-feira (14), at\u00e9 l\u00e1, o deputado federal deve ficar tranquilo e evitar rugir.<\/p>\n<p>Depois do martelo batido em p\u00fablico caber\u00e1 ao pepista e ao estafe governista contornar as cr\u00edticas que vir\u00e3o em decorr\u00eancia do atabalhoado per\u00edodo em que ficou \u00e0 frente da Casa Civil na desastrosa gest\u00e3o do ex-prefeito de Salvador, Jo\u00e3o Henrique (atualmente do PSL).<\/p><\/div>\n","protected":false},"excerpt":{"rendered":"<p>Faz algum tempo que o deputado federal Jo\u00e3o Le\u00e3o (PP) est\u00e1 em sil\u00eancio acompanhando as discuss\u00f5es sobre a forma\u00e7\u00e3o da chapa majorit\u00e1ria da base aliada ao governador Jaques Wagner. O parlamentar foi emudecido ap\u00f3s disparar diversas cr\u00edticas ao secret\u00e1rio-chefe da Casa Civil, Rui Costa, que \u00e0 \u00e9poca ainda disputa a indica\u00e7\u00e3o para encabe\u00e7ar a chapa. [&hellip;]<\/p>\n","protected":false},"author":2,"featured_media":0,"comment_status":"open","ping_status":"open","sticky":false,"template":"","format":"standard","meta":{"_links_to":"","_links_to_target":""},"categories":[7],"tags":[],"_links":{"self":[{"href":"https:\/\/www.blogdotarugao.com.br\/v1\/wp-json\/wp\/v2\/posts\/5647"}],"collection":[{"href":"https:\/\/www.blogdotarugao.com.br\/v1\/wp-json\/wp\/v2\/posts"}],"about":[{"href":"https:\/\/www.blogdotarugao.com.br\/v1\/wp-json\/wp\/v2\/types\/post"}],"author":[{"embeddable":true,"href":"https:\/\/www.blogdotarugao.com.br\/v1\/wp-json\/wp\/v2\/users\/2"}],"replies":[{"embeddable":true,"href":"https:\/\/www.blogdotarugao.com.br\/v1\/wp-json\/wp\/v2\/comments?post=5647"}],"version-history":[{"count":2,"href":"https:\/\/www.blogdotarugao.com.br\/v1\/wp-json\/wp\/v2\/posts\/5647\/revisions"}],"predecessor-version":[{"id":5649,"href":"https:\/\/www.blogdotarugao.com.br\/v1\/wp-json\/wp\/v2\/posts\/5647\/revisions\/5649"}],"wp:attachment":[{"href":"https:\/\/www.blogdotarugao.com.br\/v1\/wp-json\/wp\/v2\/media?parent=5647"}],"wp:term":[{"taxonomy":"category","embeddable":true,"href":"https:\/\/www.blogdotarugao.com.br\/v1\/wp-json\/wp\/v2\/categories?post=5647"},{"taxonomy":"post_tag","embeddable":true,"href":"https:\/\/www.blogdotarugao.com.br\/v1\/wp-json\/wp\/v2\/tags?post=5647"}],"curies":[{"name":"wp","href":"https:\/\/api.w.org\/{rel}","templated":true}]}}