{"id":57015,"date":"2016-04-11T07:45:43","date_gmt":"2016-04-11T10:45:43","guid":{"rendered":"http:\/\/www.blogdotarugao.com.br\/v1\/?p=57015"},"modified":"2016-04-11T07:45:43","modified_gmt":"2016-04-11T10:45:43","slug":"homem-ateia-fogo-no-proprio-corpo-na-frente-do-palacio-do-planalto","status":"publish","type":"post","link":"https:\/\/www.blogdotarugao.com.br\/v1\/2016\/04\/11\/homem-ateia-fogo-no-proprio-corpo-na-frente-do-palacio-do-planalto\/","title":{"rendered":"Homem ateia fogo no pr\u00f3prio corpo na frente do Pal\u00e1cio do Planalto"},"content":{"rendered":"<p><a href=\"http:\/\/www.blogdotarugao.com.br\/v1\/wp-content\/uploads\/2016\/04\/10abr2015-um-homem-de-identidade-ainda-desconhecida-ateou-fogo-ao-proprio-corpo-na-manha-deste-domingo-10-em-frente-ao-palacio-do-planalto-em-brasilia-nao-ha-informacoes-sobre-a-motivac.jpg\" class=\"gallery_colorbox\"><img loading=\"lazy\" class=\"alignnone  wp-image-57016\" src=\"http:\/\/www.blogdotarugao.com.br\/v1\/wp-content\/uploads\/2016\/04\/10abr2015-um-homem-de-identidade-ainda-desconhecida-ateou-fogo-ao-proprio-corpo-na-manha-deste-domingo-10-em-frente-ao-palacio-do-planalto-em-brasilia-nao-ha-informacoes-sobre-a-motivac.jpg\"  alt=\"10abr2015---um-homem-de-identidade-ainda-desconhecida-ateou-fogo-ao-proprio-corpo-na-manha-deste-domingo-10-em-frente-ao-palacio-do-planalto-em-brasilia-nao-ha-informacoes-sobre-a-motivac\" width=\"580\" height=\"283\" srcset=\"https:\/\/www.blogdotarugao.com.br\/v1\/wp-content\/uploads\/2016\/04\/10abr2015-um-homem-de-identidade-ainda-desconhecida-ateou-fogo-ao-proprio-corpo-na-manha-deste-domingo-10-em-frente-ao-palacio-do-planalto-em-brasilia-nao-ha-informacoes-sobre-a-motivac.jpg 615w, https:\/\/www.blogdotarugao.com.br\/v1\/wp-content\/uploads\/2016\/04\/10abr2015-um-homem-de-identidade-ainda-desconhecida-ateou-fogo-ao-proprio-corpo-na-manha-deste-domingo-10-em-frente-ao-palacio-do-planalto-em-brasilia-nao-ha-informacoes-sobre-a-motivac-300x146.jpg 300w\" sizes=\"(max-width: 580px) 100vw, 580px\" \/><\/a><\/p>\n<h3 style=\"text-align: justify;\">Um homem ainda n\u00e3o identificado ateou fogo em seu pr\u00f3prio corpo na manh\u00e3 deste domingo (10) em frente ao Pal\u00e1cio do Planalto, em Bras\u00edlia. N\u00e3o h\u00e1 informa\u00e7\u00f5es ainda sobre a motiva\u00e7\u00e3o do ato. O tenente Amaral, do Corpo de Bombeiros do Distrito Federal, disse que o homem estava sem documento e que testemunhas relataram que ele mesmo teria colocado fogo em seu corpo.<\/h3>\n<h3 style=\"text-align: justify;\">Segundo a Secretaria de Sa\u00fade do Distrito Federal, o homem, identificado pelas iniciais J.M.G, teve 90% do corpo queimado e o seu estado de sa\u00fade \u00e9 grave. Ele aparentava ter entre 40 e 50 anos de idade e usava uma bermuda de tecido semelhante ao nylon, material consumido rapidamente pelo fogo. O homem vestia tamb\u00e9m uma camiseta, que tirou antes de jogar combust\u00edvel sobre o corpo. Ele foi encaminhado para o Hospital Regional da Asa Norte (Hran). Testemunhas disseram que ele \u00e9 branco, magro e possui cabelos e barbas compridos.<\/h3>\n<h3 style=\"text-align: justify;\">&#8220;Quando a equipe chegou, algu\u00e9m tinha usado um extintor de inc\u00eancio na v\u00edtima. Ele estava no ch\u00e3o e falava palavras desconexas sobre religi\u00e3o&#8221;, informou o coronel Alan Alexandre Ara\u00fajo, chefe da Comunica\u00e7\u00e3o Social do Corpo de Bombeiros do DF. De acordo com o coronel, o homem n\u00e3o portava documentos e a identifica\u00e7\u00e3o dele ser\u00e1 feita pelo hospital.<\/h3>\n","protected":false},"excerpt":{"rendered":"<p>Um homem ainda n\u00e3o identificado ateou fogo em seu pr\u00f3prio corpo na manh\u00e3 deste domingo (10) em frente ao Pal\u00e1cio do Planalto, em Bras\u00edlia. N\u00e3o h\u00e1 informa\u00e7\u00f5es ainda sobre a motiva\u00e7\u00e3o do ato. O tenente Amaral, do Corpo de Bombeiros do Distrito Federal, disse que o homem estava sem documento e que testemunhas relataram que [&hellip;]<\/p>\n","protected":false},"author":2,"featured_media":0,"comment_status":"open","ping_status":"open","sticky":false,"template":"","format":"standard","meta":{"_links_to":"","_links_to_target":""},"categories":[37,5],"tags":[],"_links":{"self":[{"href":"https:\/\/www.blogdotarugao.com.br\/v1\/wp-json\/wp\/v2\/posts\/57015"}],"collection":[{"href":"https:\/\/www.blogdotarugao.com.br\/v1\/wp-json\/wp\/v2\/posts"}],"about":[{"href":"https:\/\/www.blogdotarugao.com.br\/v1\/wp-json\/wp\/v2\/types\/post"}],"author":[{"embeddable":true,"href":"https:\/\/www.blogdotarugao.com.br\/v1\/wp-json\/wp\/v2\/users\/2"}],"replies":[{"embeddable":true,"href":"https:\/\/www.blogdotarugao.com.br\/v1\/wp-json\/wp\/v2\/comments?post=57015"}],"version-history":[{"count":1,"href":"https:\/\/www.blogdotarugao.com.br\/v1\/wp-json\/wp\/v2\/posts\/57015\/revisions"}],"predecessor-version":[{"id":57017,"href":"https:\/\/www.blogdotarugao.com.br\/v1\/wp-json\/wp\/v2\/posts\/57015\/revisions\/57017"}],"wp:attachment":[{"href":"https:\/\/www.blogdotarugao.com.br\/v1\/wp-json\/wp\/v2\/media?parent=57015"}],"wp:term":[{"taxonomy":"category","embeddable":true,"href":"https:\/\/www.blogdotarugao.com.br\/v1\/wp-json\/wp\/v2\/categories?post=57015"},{"taxonomy":"post_tag","embeddable":true,"href":"https:\/\/www.blogdotarugao.com.br\/v1\/wp-json\/wp\/v2\/tags?post=57015"}],"curies":[{"name":"wp","href":"https:\/\/api.w.org\/{rel}","templated":true}]}}