{"id":58561,"date":"2016-04-25T08:07:52","date_gmt":"2016-04-25T11:07:52","guid":{"rendered":"http:\/\/www.blogdotarugao.com.br\/v1\/?p=58561"},"modified":"2016-04-25T08:26:54","modified_gmt":"2016-04-25T11:26:54","slug":"afluente-importante-do-rio-catole-tambem-secou","status":"publish","type":"post","link":"https:\/\/www.blogdotarugao.com.br\/v1\/2016\/04\/25\/afluente-importante-do-rio-catole-tambem-secou\/","title":{"rendered":"AFLUENTE IMPORTANTE DO RIO CATOL\u00c9 TAMB\u00c9M SECOU\u2026"},"content":{"rendered":"<h3 style=\"text-align: justify;\"><img loading=\"lazy\" class=\"\" src=\"http:\/\/www.sudoestehoje.com.br\/novoportal\/wp-content\/uploads\/2016\/04\/duas-barras-5-393x700.jpg\" alt=\"duas barras 5\" width=\"328\" height=\"584\" \/><\/h3>\n<h3 style=\"text-align: justify;\">Considerado um dos afluentes mais importantes do \u2018Catol\u00e9 Grande\u2019, o Rio Duas Barras, em Itapetinga, \u00e9 outro que entrou na lista de extin\u00e7\u00e3o. Como principais causas, est\u00e3o o desmatamento irrespons\u00e1vel para implanta\u00e7\u00e3o de pastagens, as queimadas, e a seca que se abate na regi\u00e3o.<\/h3>\n<p><img loading=\"lazy\" class=\"\" src=\"http:\/\/www.sudoestehoje.com.br\/novoportal\/wp-content\/uploads\/2016\/04\/DUAS-BARRAS-4-500x281.jpg\" alt=\"DUAS BARRAS 4\" width=\"582\" height=\"327\" \/><\/p>\n<h3 style=\"text-align: justify;\">Mesmo assim, o Rio Catol\u00e9 vem sendo cobi\u00e7ado pelo Governo do Estado, atrav\u00e9s da Embasa, no intuito de resolver o problema de abastecimento de Vit\u00f3ria da Conquista, sem um estudo mais aprofundado sobre o impacto da seca nos afluentes do rio, o que poder\u00e1 causar problemas de desabastecimento em Itapetinga.<span id=\"more-43779\"><\/span><\/h3>\n<p><img loading=\"lazy\" class=\"\" src=\"http:\/\/www.sudoestehoje.com.br\/novoportal\/wp-content\/uploads\/2016\/04\/DUAS-BARRAS-2-500x281.jpg\" alt=\"DUAS BARRAS 2\" width=\"584\" height=\"328\" \/><\/p>\n<h3 style=\"text-align: justify;\">Outros que est\u00e3o na listas de extin\u00e7\u00e3o no munic\u00edpio de Itapetinga s\u00e3o:Rio Palmeir\u00e3o, Rio da Nega, Rio Col\u00f4nia (Itapetinga \u2013 Itoror\u00f3) e Rio da On\u00e7a. O Rio Catol\u00e9zinho vem diminuindo drasticamente a sua vas\u00e3o e o antes caudaloso Rio Pardo est\u00e1 agonizando.<\/h3>\n<h3 style=\"text-align: justify;\">Confira as fotos do Rio Duas Barras, tiradas neste s\u00e1bado, pelo internauta Marcio Rodrigues (Facebook):<\/h3>\n","protected":false},"excerpt":{"rendered":"<p>Considerado um dos afluentes mais importantes do \u2018Catol\u00e9 Grande\u2019, o Rio Duas Barras, em Itapetinga, \u00e9 outro que entrou na lista de extin\u00e7\u00e3o. Como principais causas, est\u00e3o o desmatamento irrespons\u00e1vel para implanta\u00e7\u00e3o de pastagens, as queimadas, e a seca que se abate na regi\u00e3o. Mesmo assim, o Rio Catol\u00e9 vem sendo cobi\u00e7ado pelo Governo do [&hellip;]<\/p>\n","protected":false},"author":2,"featured_media":0,"comment_status":"open","ping_status":"open","sticky":false,"template":"","format":"standard","meta":{"_links_to":"","_links_to_target":""},"categories":[37,5,6],"tags":[],"_links":{"self":[{"href":"https:\/\/www.blogdotarugao.com.br\/v1\/wp-json\/wp\/v2\/posts\/58561"}],"collection":[{"href":"https:\/\/www.blogdotarugao.com.br\/v1\/wp-json\/wp\/v2\/posts"}],"about":[{"href":"https:\/\/www.blogdotarugao.com.br\/v1\/wp-json\/wp\/v2\/types\/post"}],"author":[{"embeddable":true,"href":"https:\/\/www.blogdotarugao.com.br\/v1\/wp-json\/wp\/v2\/users\/2"}],"replies":[{"embeddable":true,"href":"https:\/\/www.blogdotarugao.com.br\/v1\/wp-json\/wp\/v2\/comments?post=58561"}],"version-history":[{"count":1,"href":"https:\/\/www.blogdotarugao.com.br\/v1\/wp-json\/wp\/v2\/posts\/58561\/revisions"}],"predecessor-version":[{"id":58562,"href":"https:\/\/www.blogdotarugao.com.br\/v1\/wp-json\/wp\/v2\/posts\/58561\/revisions\/58562"}],"wp:attachment":[{"href":"https:\/\/www.blogdotarugao.com.br\/v1\/wp-json\/wp\/v2\/media?parent=58561"}],"wp:term":[{"taxonomy":"category","embeddable":true,"href":"https:\/\/www.blogdotarugao.com.br\/v1\/wp-json\/wp\/v2\/categories?post=58561"},{"taxonomy":"post_tag","embeddable":true,"href":"https:\/\/www.blogdotarugao.com.br\/v1\/wp-json\/wp\/v2\/tags?post=58561"}],"curies":[{"name":"wp","href":"https:\/\/api.w.org\/{rel}","templated":true}]}}