{"id":59124,"date":"2016-05-01T10:57:08","date_gmt":"2016-05-01T13:57:08","guid":{"rendered":"http:\/\/www.blogdotarugao.com.br\/v1\/?p=59124"},"modified":"2016-05-01T10:57:08","modified_gmt":"2016-05-01T13:57:08","slug":"antonio-imbassahy-pode-assumir-ministerio-em-governo-de-michel-temer","status":"publish","type":"post","link":"https:\/\/www.blogdotarugao.com.br\/v1\/2016\/05\/01\/antonio-imbassahy-pode-assumir-ministerio-em-governo-de-michel-temer\/","title":{"rendered":"Antonio Imbassahy pode assumir minist\u00e9rio em governo de Michel Temer"},"content":{"rendered":"<header class=\"single-title\">\n<h3 style=\"text-align: justify;\"><img loading=\"lazy\" class=\"  wp-image-59125 alignleft\" src=\"http:\/\/www.blogdotarugao.com.br\/v1\/wp-content\/uploads\/2016\/05\/Ant\u00f4nio-Imbassay.jpg\" alt=\"Ant\u00f4nio Imbassay\" width=\"584\" height=\"389\" srcset=\"https:\/\/www.blogdotarugao.com.br\/v1\/wp-content\/uploads\/2016\/05\/Ant\u00f4nio-Imbassay.jpg 1181w, https:\/\/www.blogdotarugao.com.br\/v1\/wp-content\/uploads\/2016\/05\/Ant\u00f4nio-Imbassay-300x200.jpg 300w, https:\/\/www.blogdotarugao.com.br\/v1\/wp-content\/uploads\/2016\/05\/Ant\u00f4nio-Imbassay-1024x682.jpg 1024w\" sizes=\"(max-width: 584px) 100vw, 584px\" \/>Deputado \u00e9 um dos nomes do PSDB para Governo Temer<\/h3>\n<\/header>\n<section class=\"post_content content-noticias clearfix\">&nbsp;<\/p>\n<h3 style=\"text-align: justify;\">Al\u00e9m de Cac\u00e1 Le\u00e3o (PP), Geddel Vieira Lima (PMDB) e Jos\u00e9 Carlos Aleluia (DEM), mais um baiano pode integrar o Governo Temer. De acordo com o jornal O Globo, Michel Temer deve dar dois minist\u00e9rios para o PSDB \u2013 um deles est\u00e1 praticamente fechado para o senador Jos\u00e9 Serra (PSDB-SP), que deve ficar com o Minist\u00e9rio das Rela\u00e7\u00f5es Exteriores.<\/h3>\n<h3 style=\"text-align: justify;\">O nome mais forte para assumir um segundo minist\u00e9rio \u00e9 o do deputado Bruno Ara\u00fajo (PSDB-PE), que deu o voto decisivo para a abertura de processo de impeachment da presidente Dilma Rousseff. Al\u00e9m dele, s\u00e3o cogitados ainda o baiano Antonio Imbassahy e Carlos Sampaio (SP).<\/h3>\n<h3 style=\"text-align: justify;\">O convite deve ocorrer na pr\u00f3xima ter\u00e7a-feira, ap\u00f3s o presidente do PSDB, A\u00e9cio Neves, entregar ao vice um documento de dez pontos com as premissas do partido para o novo governo.<\/h3>\n<\/section>\n","protected":false},"excerpt":{"rendered":"<p>Deputado \u00e9 um dos nomes do PSDB para Governo Temer &nbsp; Al\u00e9m de Cac\u00e1 Le\u00e3o (PP), Geddel Vieira Lima (PMDB) e Jos\u00e9 Carlos Aleluia (DEM), mais um baiano pode integrar o Governo Temer. De acordo com o jornal O Globo, Michel Temer deve dar dois minist\u00e9rios para o PSDB \u2013 um deles est\u00e1 praticamente fechado [&hellip;]<\/p>\n","protected":false},"author":2,"featured_media":0,"comment_status":"open","ping_status":"open","sticky":false,"template":"","format":"standard","meta":{"_links_to":"","_links_to_target":""},"categories":[1],"tags":[],"_links":{"self":[{"href":"https:\/\/www.blogdotarugao.com.br\/v1\/wp-json\/wp\/v2\/posts\/59124"}],"collection":[{"href":"https:\/\/www.blogdotarugao.com.br\/v1\/wp-json\/wp\/v2\/posts"}],"about":[{"href":"https:\/\/www.blogdotarugao.com.br\/v1\/wp-json\/wp\/v2\/types\/post"}],"author":[{"embeddable":true,"href":"https:\/\/www.blogdotarugao.com.br\/v1\/wp-json\/wp\/v2\/users\/2"}],"replies":[{"embeddable":true,"href":"https:\/\/www.blogdotarugao.com.br\/v1\/wp-json\/wp\/v2\/comments?post=59124"}],"version-history":[{"count":1,"href":"https:\/\/www.blogdotarugao.com.br\/v1\/wp-json\/wp\/v2\/posts\/59124\/revisions"}],"predecessor-version":[{"id":59126,"href":"https:\/\/www.blogdotarugao.com.br\/v1\/wp-json\/wp\/v2\/posts\/59124\/revisions\/59126"}],"wp:attachment":[{"href":"https:\/\/www.blogdotarugao.com.br\/v1\/wp-json\/wp\/v2\/media?parent=59124"}],"wp:term":[{"taxonomy":"category","embeddable":true,"href":"https:\/\/www.blogdotarugao.com.br\/v1\/wp-json\/wp\/v2\/categories?post=59124"},{"taxonomy":"post_tag","embeddable":true,"href":"https:\/\/www.blogdotarugao.com.br\/v1\/wp-json\/wp\/v2\/tags?post=59124"}],"curies":[{"name":"wp","href":"https:\/\/api.w.org\/{rel}","templated":true}]}}