{"id":59135,"date":"2016-05-01T14:15:30","date_gmt":"2016-05-01T17:15:30","guid":{"rendered":"http:\/\/www.blogdotarugao.com.br\/v1\/?p=59135"},"modified":"2016-05-01T14:17:06","modified_gmt":"2016-05-01T17:17:06","slug":"jaques-wagner-deve-assumir-cargo-no-governo-rui-e-pode-ganhar-foro-privilegiado","status":"publish","type":"post","link":"https:\/\/www.blogdotarugao.com.br\/v1\/2016\/05\/01\/jaques-wagner-deve-assumir-cargo-no-governo-rui-e-pode-ganhar-foro-privilegiado\/","title":{"rendered":"Jaques Wagner deve assumir cargo no governo Rui e pode ganhar foro privilegiado"},"content":{"rendered":"<header>\n<h1 class=\"titulo-interna\"><img loading=\"lazy\" class=\"  wp-image-59136 alignleft\" src=\"http:\/\/www.blogdotarugao.com.br\/v1\/wp-content\/uploads\/2016\/05\/Wagner2.jpg\" alt=\"Wagner2\" width=\"584\" height=\"387\" srcset=\"https:\/\/www.blogdotarugao.com.br\/v1\/wp-content\/uploads\/2016\/05\/Wagner2.jpg 800w, https:\/\/www.blogdotarugao.com.br\/v1\/wp-content\/uploads\/2016\/05\/Wagner2-300x199.jpg 300w\" sizes=\"(max-width: 584px) 100vw, 584px\" \/><\/h1>\n<\/header>\n<div class=\"editor clearfix\">\n<h3 style=\"text-align: justify;\">Abertamente, ningu\u00e9m fala sobre o que vai fazer a partir do momento em que a presidente Dilma Rousseff for afastada do cargo, o que \u00e9 dado como certo dentro do governo. Seus principais auxiliares, que t\u00eam se reunido diariamente com a petista, guardam a sete chaves seus destinos. Mas os ministros mais pr\u00f3ximos j\u00e1 preparam seus projetos para a quarentena de seis meses, per\u00edodo em que estar\u00e3o impossibilitados de assumir fun\u00e7\u00f5es que conflitem com o servi\u00e7o que prestaram no governo<\/h3>\n<h3 style=\"text-align: justify;\">De acordo com informa\u00e7\u00f5es do jornal O Globo, Jaques Wagner (chefia de Gabinete) voltar\u00e1 para a Bahia, onde fez o sucessor no governo do estado, o petista Rui Costa. A avalia\u00e7\u00e3o de funcion\u00e1rios pr\u00f3ximos a ele \u00e9 que Wagner poderia vir a integrar formalmente o governo estadual, possivelmente com um cargo de secret\u00e1rio, mas tamb\u00e9m \u00e9 cotado para assumir posi\u00e7\u00f5es de dire\u00e7\u00e3o no PT para ajudar a reestruturar o partido.\u00a0Com isso, caso Wagner se torne investigado na Opera\u00e7\u00e3o Lava-Jato por sua rela\u00e7\u00e3o com o empreiteiro\u00a0da OAS, L\u00e9o Pinheiro, ele ter\u00e1 como foro o Tribunal de Justi\u00e7a da Bahia (TJ-BA).<\/h3>\n<h3 style=\"text-align: justify;\">J\u00e1 Edinho Silva (Comunica\u00e7\u00e3o Social) voltar\u00e1 para Araraquara (SP), onde pretende se candidatar a prefeito, e quer ajudar a reorganizar o PT em S\u00e3o Paulo. Edinho j\u00e1 foi presidente estadual do partido e \u00e9 muito pr\u00f3ximo ao ex-presidente Lula. Tarefa semelhante no campo partid\u00e1rio dever\u00e1 caber a<a id=\"PXLINK_1_0_0\" class=\"pxInta\" href=\"http:\/\/www.bocaonews.com.br\/noticias\/politica\/politica\/143239,jaques-wagner-deve-assumir-cargo-no-governo-rui-costa.html#\">Ricardo<\/a> Berzoini (Secretaria de Governo), que deve focar na articula\u00e7\u00e3o junto aos sindicatos em S\u00e3o Paulo, sua origem pol\u00edtica. Nos corredores do Planalto j\u00e1 se comenta que o presidente do PT, Rui Falc\u00e3o, pode ser substitu\u00eddo por Jaques ou Berzoini.<\/h3>\n<h3 style=\"text-align: justify;\">Ainda segundo o jornal, o advogado-geral da Uni\u00e3o, Jos\u00e9 Eduardo Cardozo, basti\u00e3o de defesa de Dilma, tamb\u00e9m passar\u00e1 por uma quarentena. No seu entorno, assessores manifestam d\u00favida sobre a possibilidade de ele permanecer advogando para Dilma. Caso a Comiss\u00e3o de \u00c9tica P\u00fablica considere essa atividade irregular, ele dever\u00e1 ajud\u00e1-la informalmente, durante o per\u00edodo sab\u00e1tico. Depois, dever\u00e1 voltar a advogar.<\/h3>\n<p>&nbsp;<\/p>\n<h3 style=\"text-align: justify;\"><!--more--><\/h3>\n<h3 style=\"text-align: justify;\">Os petistas sabem que o desafio ser\u00e1 a reestrutura\u00e7\u00e3o do PT, de olho nas elei\u00e7\u00f5es de 2018. Anteontem, Berzoini esteve com sindicalistas na capital paulista para sentir a disposi\u00e7\u00e3o desses movimentos em se engajar no movimento por novas elei\u00e7\u00f5es presidenciais e em atos contra o governo Temer nos meses em que Dilma estiver afastada.<\/h3>\n<h3 style=\"text-align: justify;\">Foto: Gilberto Jr. \/ Boc\u00e3o News<\/h3>\n<\/div>\n<p>&nbsp;<\/p>\n","protected":false},"excerpt":{"rendered":"<p>Abertamente, ningu\u00e9m fala sobre o que vai fazer a partir do momento em que a presidente Dilma Rousseff for afastada do cargo, o que \u00e9 dado como certo dentro do governo. Seus principais auxiliares, que t\u00eam se reunido diariamente com a petista, guardam a sete chaves seus destinos. Mas os ministros mais pr\u00f3ximos j\u00e1 preparam [&hellip;]<\/p>\n","protected":false},"author":2,"featured_media":0,"comment_status":"open","ping_status":"open","sticky":false,"template":"","format":"standard","meta":{"_links_to":"","_links_to_target":""},"categories":[1],"tags":[],"_links":{"self":[{"href":"https:\/\/www.blogdotarugao.com.br\/v1\/wp-json\/wp\/v2\/posts\/59135"}],"collection":[{"href":"https:\/\/www.blogdotarugao.com.br\/v1\/wp-json\/wp\/v2\/posts"}],"about":[{"href":"https:\/\/www.blogdotarugao.com.br\/v1\/wp-json\/wp\/v2\/types\/post"}],"author":[{"embeddable":true,"href":"https:\/\/www.blogdotarugao.com.br\/v1\/wp-json\/wp\/v2\/users\/2"}],"replies":[{"embeddable":true,"href":"https:\/\/www.blogdotarugao.com.br\/v1\/wp-json\/wp\/v2\/comments?post=59135"}],"version-history":[{"count":3,"href":"https:\/\/www.blogdotarugao.com.br\/v1\/wp-json\/wp\/v2\/posts\/59135\/revisions"}],"predecessor-version":[{"id":59139,"href":"https:\/\/www.blogdotarugao.com.br\/v1\/wp-json\/wp\/v2\/posts\/59135\/revisions\/59139"}],"wp:attachment":[{"href":"https:\/\/www.blogdotarugao.com.br\/v1\/wp-json\/wp\/v2\/media?parent=59135"}],"wp:term":[{"taxonomy":"category","embeddable":true,"href":"https:\/\/www.blogdotarugao.com.br\/v1\/wp-json\/wp\/v2\/categories?post=59135"},{"taxonomy":"post_tag","embeddable":true,"href":"https:\/\/www.blogdotarugao.com.br\/v1\/wp-json\/wp\/v2\/tags?post=59135"}],"curies":[{"name":"wp","href":"https:\/\/api.w.org\/{rel}","templated":true}]}}