{"id":59198,"date":"2016-05-02T09:43:42","date_gmt":"2016-05-02T12:43:42","guid":{"rendered":"http:\/\/www.blogdotarugao.com.br\/v1\/?p=59198"},"modified":"2016-05-02T09:43:42","modified_gmt":"2016-05-02T12:43:42","slug":"missa-do-7o-dia-em-intencao-da-alma-de-ana-cleide-sera-realizada-nesta-segunda-as-1930hs-na-igreja-nossa-senhora-das-gracas","status":"publish","type":"post","link":"https:\/\/www.blogdotarugao.com.br\/v1\/2016\/05\/02\/missa-do-7o-dia-em-intencao-da-alma-de-ana-cleide-sera-realizada-nesta-segunda-as-1930hs-na-igreja-nossa-senhora-das-gracas\/","title":{"rendered":"MISSA DO 7\u00ba DIA EM INTEN\u00c7\u00c3O DA ALMA DE ANA CLEIDE SER\u00c1 REALIZADA NESTA SEGUNDA \u00c1S 19:30HS NA IGREJA NOSSA SENHORA DAS GRA\u00c7AS"},"content":{"rendered":"<h3 style=\"text-align: justify;\"><img loading=\"lazy\" class=\"  wp-image-59200 alignleft\" src=\"http:\/\/www.blogdotarugao.com.br\/v1\/wp-content\/uploads\/2016\/05\/Ana-Cleide.jpg\" alt=\"Ana Cleide\" width=\"584\" height=\"584\" srcset=\"https:\/\/www.blogdotarugao.com.br\/v1\/wp-content\/uploads\/2016\/05\/Ana-Cleide.jpg 768w, https:\/\/www.blogdotarugao.com.br\/v1\/wp-content\/uploads\/2016\/05\/Ana-Cleide-150x150.jpg 150w, https:\/\/www.blogdotarugao.com.br\/v1\/wp-content\/uploads\/2016\/05\/Ana-Cleide-300x300.jpg 300w\" sizes=\"(max-width: 584px) 100vw, 584px\" \/>A Fam\u00edlia da j\u00e1 Saudosa Ana Cleide convida a todos para participarem da Missa do 7\u00ba Dia em Inten\u00e7\u00e3o da Alma da jovem que nos deixou prematuramente.<\/h3>\n<h3 style=\"text-align: justify;\">A Missa ser\u00e1 celebrada pelo Padre Carmelito nesta segunda-feira (02), a partir das 19:30hs na Igreja Nossa Senhora das Gra\u00e7as.<\/h3>\n<h3 id=\"yui_3_17_2_3_1426681039236_1939\" class=\"Fz-24 Fw-300 Mb-10\">\u201cDisse-lhe Jesus: EU SOU A RESSURREI\u00c7\u00c3O E A VIDA; quem cr\u00ea em mim, ainda que esteja morto, viver\u00e1.\u201d<\/h3>\n<h3 class=\"Fz-24 Fw-300 Mb-10\">Descanse em Paz, Ana Cleide!<\/h3>\n","protected":false},"excerpt":{"rendered":"<p>A Fam\u00edlia da j\u00e1 Saudosa Ana Cleide convida a todos para participarem da Missa do 7\u00ba Dia em Inten\u00e7\u00e3o da Alma da jovem que nos deixou prematuramente. A Missa ser\u00e1 celebrada pelo Padre Carmelito nesta segunda-feira (02), a partir das 19:30hs na Igreja Nossa Senhora das Gra\u00e7as. \u201cDisse-lhe Jesus: EU SOU A RESSURREI\u00c7\u00c3O E A [&hellip;]<\/p>\n","protected":false},"author":2,"featured_media":0,"comment_status":"open","ping_status":"open","sticky":false,"template":"","format":"standard","meta":{"_links_to":"","_links_to_target":""},"categories":[1],"tags":[],"_links":{"self":[{"href":"https:\/\/www.blogdotarugao.com.br\/v1\/wp-json\/wp\/v2\/posts\/59198"}],"collection":[{"href":"https:\/\/www.blogdotarugao.com.br\/v1\/wp-json\/wp\/v2\/posts"}],"about":[{"href":"https:\/\/www.blogdotarugao.com.br\/v1\/wp-json\/wp\/v2\/types\/post"}],"author":[{"embeddable":true,"href":"https:\/\/www.blogdotarugao.com.br\/v1\/wp-json\/wp\/v2\/users\/2"}],"replies":[{"embeddable":true,"href":"https:\/\/www.blogdotarugao.com.br\/v1\/wp-json\/wp\/v2\/comments?post=59198"}],"version-history":[{"count":2,"href":"https:\/\/www.blogdotarugao.com.br\/v1\/wp-json\/wp\/v2\/posts\/59198\/revisions"}],"predecessor-version":[{"id":59201,"href":"https:\/\/www.blogdotarugao.com.br\/v1\/wp-json\/wp\/v2\/posts\/59198\/revisions\/59201"}],"wp:attachment":[{"href":"https:\/\/www.blogdotarugao.com.br\/v1\/wp-json\/wp\/v2\/media?parent=59198"}],"wp:term":[{"taxonomy":"category","embeddable":true,"href":"https:\/\/www.blogdotarugao.com.br\/v1\/wp-json\/wp\/v2\/categories?post=59198"},{"taxonomy":"post_tag","embeddable":true,"href":"https:\/\/www.blogdotarugao.com.br\/v1\/wp-json\/wp\/v2\/tags?post=59198"}],"curies":[{"name":"wp","href":"https:\/\/api.w.org\/{rel}","templated":true}]}}