{"id":59209,"date":"2016-05-02T13:47:27","date_gmt":"2016-05-02T16:47:27","guid":{"rendered":"http:\/\/www.blogdotarugao.com.br\/v1\/?p=59209"},"modified":"2016-05-02T13:47:27","modified_gmt":"2016-05-02T16:47:27","slug":"whatsapp-fora-do-ar-aprenda-a-burlar-o-bloqueio-de-72-horas-da-justica-brasileira","status":"publish","type":"post","link":"https:\/\/www.blogdotarugao.com.br\/v1\/2016\/05\/02\/whatsapp-fora-do-ar-aprenda-a-burlar-o-bloqueio-de-72-horas-da-justica-brasileira\/","title":{"rendered":"Whatsapp fora do ar: Aprenda a burlar o bloqueio de 72 horas da Justi\u00e7a brasileira"},"content":{"rendered":"<h3 style=\"text-align: justify;\"><strong><img loading=\"lazy\" class=\"  wp-image-59210 alignleft\" src=\"http:\/\/www.blogdotarugao.com.br\/v1\/wp-content\/uploads\/2016\/05\/zap5.jpg\" alt=\"zap5\" width=\"584\" height=\"344\" srcset=\"https:\/\/www.blogdotarugao.com.br\/v1\/wp-content\/uploads\/2016\/05\/zap5.jpg 695w, https:\/\/www.blogdotarugao.com.br\/v1\/wp-content\/uploads\/2016\/05\/zap5-300x177.jpg 300w\" sizes=\"(max-width: 584px) 100vw, 584px\" \/><br \/>\nA decis\u00e3o foi proferida pelo juiz criminal Marcel Montalv\u00e3o, da comarca de Lagarto, no Sergipe, pois o Facebook se recusou a fornecer dados de um investigado.<\/strong><\/h3>\n<h3 style=\"text-align: justify;\">O <span class=\"semantica-autolink-topico-tip\">WhatsApp<\/span> se tornou novamente alvo de uma decis\u00e3o judicial que determina seu bloqueio por 72 horas. No v\u00eddeo abaixo, aprenda a driblar o bloqueio do mensageiro. Para tanto, \u00e9 necess\u00e1rio usar um app de VPN. <strong>Assista:<\/strong><\/h3>\n<h3 style=\"text-align: justify;\"><iframe loading=\"lazy\" src=\"https:\/\/www.youtube.com\/embed\/SgJryEkbv9s?rel=0&amp;showinfo=0\" width=\"584\" height=\"329\" frameborder=\"0\" allowfullscreen=\"allowfullscreen\"><\/iframe><\/h3>\n<h3 style=\"text-align: justify;\">De acordo com as primeiras informa\u00e7\u00f5es, a Justi\u00e7a ordenou que o aplicativo \u2013 o mais usado pelos brasileiros \u2013 seja desativado pelas empresas de telefonia m\u00f3vel e banda larga fixa a partir das 14h desta segunda-feira (2).<\/h3>\n<h3 style=\"text-align: justify;\">A medida vale para a Claro, <span class=\"semantica-autolink-topico-tip\">TIM<\/span>, Vivo, Oi e Nextel e tem validade tanto para celulares quando para\u00a0Wi-Fi. Segundo o G1,\u00a0o bloqueio foi pedido porque o Facebook (propriet\u00e1rio do app) n\u00e3o cumpriu outra medida judicial para compartilhamento de informa\u00e7\u00f5es que subsidiariam investiga\u00e7\u00e3o criminal. Em 16 de dezembro do ano passado, o WhatsApp j\u00e1 havia passado por um bloqueio similar, por\u00e9m, com dura\u00e7\u00e3o de 48 horas.<\/h3>\n<h3 style=\"text-align: justify;\"><span id=\"more-89465\"><\/span>A decis\u00e3o foi proferida pelo juiz criminal Marcel Montalv\u00e3o, da comarca de Lagarto, no Sergipe. De acordo com o jornal \u201cFolha de S\u00e3o Paulo\u201d, ele \u00e9 o mesmo magistrado que mandou prender o vice-presidente do Facebook para a Am\u00e9rica Latina, Diego Dzodan, em mar\u00e7o deste ano. Em nota, a operadora TIM confirmou que o bloqueio ser\u00e1 executado nesta tarde. \u201cEsclarecemos que as prestadoras n\u00e3o s\u00e3o autoras e n\u00e3o fazem parte da a\u00e7\u00e3o que resultou na ordem judicial\u201d, informou a nota, divulgada em redes sociais. Em resposta ao jornal O Globo, a Claro tamb\u00e9m afirmou ter recebido a notifica\u00e7\u00e3o judicial<\/h3>\n<h3 style=\"text-align: justify;\">Fonte<strong>: TechTudo<\/strong><\/h3>\n","protected":false},"excerpt":{"rendered":"<p>A decis\u00e3o foi proferida pelo juiz criminal Marcel Montalv\u00e3o, da comarca de Lagarto, no Sergipe, pois o Facebook se recusou a fornecer dados de um investigado. O WhatsApp se tornou novamente alvo de uma decis\u00e3o judicial que determina seu bloqueio por 72 horas. No v\u00eddeo abaixo, aprenda a driblar o bloqueio do mensageiro. Para tanto, [&hellip;]<\/p>\n","protected":false},"author":2,"featured_media":59212,"comment_status":"open","ping_status":"open","sticky":false,"template":"","format":"standard","meta":{"_links_to":"","_links_to_target":""},"categories":[1],"tags":[],"_links":{"self":[{"href":"https:\/\/www.blogdotarugao.com.br\/v1\/wp-json\/wp\/v2\/posts\/59209"}],"collection":[{"href":"https:\/\/www.blogdotarugao.com.br\/v1\/wp-json\/wp\/v2\/posts"}],"about":[{"href":"https:\/\/www.blogdotarugao.com.br\/v1\/wp-json\/wp\/v2\/types\/post"}],"author":[{"embeddable":true,"href":"https:\/\/www.blogdotarugao.com.br\/v1\/wp-json\/wp\/v2\/users\/2"}],"replies":[{"embeddable":true,"href":"https:\/\/www.blogdotarugao.com.br\/v1\/wp-json\/wp\/v2\/comments?post=59209"}],"version-history":[{"count":1,"href":"https:\/\/www.blogdotarugao.com.br\/v1\/wp-json\/wp\/v2\/posts\/59209\/revisions"}],"predecessor-version":[{"id":59211,"href":"https:\/\/www.blogdotarugao.com.br\/v1\/wp-json\/wp\/v2\/posts\/59209\/revisions\/59211"}],"wp:featuredmedia":[{"embeddable":true,"href":"https:\/\/www.blogdotarugao.com.br\/v1\/wp-json\/wp\/v2\/media\/59212"}],"wp:attachment":[{"href":"https:\/\/www.blogdotarugao.com.br\/v1\/wp-json\/wp\/v2\/media?parent=59209"}],"wp:term":[{"taxonomy":"category","embeddable":true,"href":"https:\/\/www.blogdotarugao.com.br\/v1\/wp-json\/wp\/v2\/categories?post=59209"},{"taxonomy":"post_tag","embeddable":true,"href":"https:\/\/www.blogdotarugao.com.br\/v1\/wp-json\/wp\/v2\/tags?post=59209"}],"curies":[{"name":"wp","href":"https:\/\/api.w.org\/{rel}","templated":true}]}}