{"id":59260,"date":"2016-05-03T06:55:37","date_gmt":"2016-05-03T09:55:37","guid":{"rendered":"http:\/\/www.blogdotarugao.com.br\/v1\/?p=59260"},"modified":"2016-05-03T06:55:37","modified_gmt":"2016-05-03T09:55:37","slug":"migo-seu-loko-devolve-o-whats-usuarios-inundam-pagina-pessoal-de-juiz-que-bloqueou-aplicativo","status":"publish","type":"post","link":"https:\/\/www.blogdotarugao.com.br\/v1\/2016\/05\/03\/migo-seu-loko-devolve-o-whats-usuarios-inundam-pagina-pessoal-de-juiz-que-bloqueou-aplicativo\/","title":{"rendered":"&#8216;Migo, seu loko, devolve o Whats&#8217;: Usu\u00e1rios inundam p\u00e1gina pessoal de juiz que bloqueou aplicativo"},"content":{"rendered":"<div class=\"imagem-representativa imagem-615x300\">\n<h3 style=\"text-align: justify;\"><img loading=\"lazy\" class=\"  wp-image-59261 alignleft\" src=\"http:\/\/www.blogdotarugao.com.br\/v1\/wp-content\/uploads\/2016\/05\/Juiz-do-Zap1.jpg\" alt=\"Juiz do Zap1\" width=\"585\" height=\"285\" srcset=\"https:\/\/www.blogdotarugao.com.br\/v1\/wp-content\/uploads\/2016\/05\/Juiz-do-Zap1.jpg 615w, https:\/\/www.blogdotarugao.com.br\/v1\/wp-content\/uploads\/2016\/05\/Juiz-do-Zap1-300x146.jpg 300w\" sizes=\"(max-width: 585px) 100vw, 585px\" \/>Os internautas brasileiros foram pegos de surpresa nesta segunda-feira pelo an\u00fancio de bloqueio do aplicativo WhatsApp durante 72 horas. Alguns usu\u00e1rios prejudicados pelo veto foram cobrar a volta imediata do aplicativo diretamente com o respons\u00e1vel: o juiz Marcel Montalv\u00e3o, de Lagarto (SE).<\/h3>\n<\/div>\n<h3 style=\"text-align: justify;\">A p\u00e1gina pessoal de Montalv\u00e3o recebeu uma enxurrada de mensagens pedindo a volta do aplicativo de mensagens instant\u00e2neas. &#8220;Migo seu loko, devolve o Whats&#8221; e &#8220;Liga o whatsapp a\u00ed rapid\u00e3o&#8221; s\u00e3o alguns exemplos.<\/h3>\n<h3 style=\"text-align: justify;\">Montalv\u00e3o \u00e9 seguido por 279 pessoas na rede social &#8211; muitas delas conquistadas ap\u00f3s o bloqueio. O juiz, por\u00e9m, n\u00e3o respondeu a nenhum dos pedidos pela libera\u00e7\u00e3o do aplicativo. A p\u00e1gina pessoal do juiz \u00e9 privada e \u00e9 necess\u00e1rio ser seu amigo para publicar na sua linha do tempo.<\/h3>\n<h3 style=\"text-align: justify;\">Entre as p\u00e1ginas curtidas pelo magistrado est\u00e1 a do humorista Claudinho Castro Ahnao, que tamb\u00e9m deixou um apelo pelo desbloqueio do aplicativo. &#8220;Liga o Zap zap de novo migo&#8221;, comentou o humorista na p\u00e1gina do juiz.<\/h3>\n<h3 class=\"mod-foto-embed w615x300\" style=\"text-align: justify;\"><span class=\"credito\">Reprodu\u00e7\u00e3o<\/span><\/h3>\n<div class=\"figure\">\n<div class=\"pinit-wraper\"><img loading=\"lazy\" class=\"pinit-img alignleft\" src=\"http:\/\/imguol.com\/c\/noticias\/06\/2016\/05\/02\/facebookwhatsapp-1462227896414_615x300.jpg\" alt=\"\" width=\"585\" height=\"285\" \/><\/div>\n<\/div>\n<h3>Motivo<\/h3>\n<h3 style=\"text-align: justify;\">O motivo do bloqueio \u00e9 o mesmo que levou \u00e0 pris\u00e3o do vice-presidente do Facebook para a Am\u00e9rica Latina, Diego Dzodan, em mar\u00e7o. E Montalv\u00e3o \u00e9 justamente quem havia determinado a deten\u00e7\u00e3o do executivo, solto 24 horas depois.<\/h3>\n<h3 style=\"text-align: justify;\">A decis\u00e3o desta segunda-feira exigiu que as operadoras suspendessem o servi\u00e7o imediatamente ap\u00f3s a intima\u00e7\u00e3o.<\/h3>\n<h3 style=\"text-align: justify;\">O Tribunal de Justi\u00e7a local informou que o magistrado atendeu a uma medida cautelar da Pol\u00edcia Federal por conta do n\u00e3o cumprimento da determina\u00e7\u00e3o judicial de quebra de sigilo de mensagens do aplicativo para uma investiga\u00e7\u00e3o sobre tr\u00e1fico de drogas em Lagarto. Isso ocorreu, segundo a decis\u00e3o, &#8220;mesmo ap\u00f3s o pedido de pris\u00e3o do representante do Facebook do Brasil&#8221;. As investiga\u00e7\u00f5es come\u00e7aram em 2013. O processo tramita em segredo de Justi\u00e7a.<\/h3>\n<h3 style=\"text-align: justify;\">A Justi\u00e7a brasileira e empresas estrangeiras de tecnologia travaram ao menos oito quedas de bra\u00e7o.<\/h3>\n<h3 style=\"text-align: justify;\">Desde 2007, quando o YouTube ficou fora do ar ap\u00f3s se recusar a retirar um v\u00eddeo da modelo Daniela Cicarelli em momento \u00edntimo com o ent\u00e3o namorado em uma praia da Espanha, pol\u00edticos e a pol\u00edcia fizeram diversos pedidos para bloquear empresas de tecnologia no Brasil.<\/h3>\n","protected":false},"excerpt":{"rendered":"<p>Os internautas brasileiros foram pegos de surpresa nesta segunda-feira pelo an\u00fancio de bloqueio do aplicativo WhatsApp durante 72 horas. Alguns usu\u00e1rios prejudicados pelo veto foram cobrar a volta imediata do aplicativo diretamente com o respons\u00e1vel: o juiz Marcel Montalv\u00e3o, de Lagarto (SE). A p\u00e1gina pessoal de Montalv\u00e3o recebeu uma enxurrada de mensagens pedindo a volta [&hellip;]<\/p>\n","protected":false},"author":2,"featured_media":0,"comment_status":"open","ping_status":"open","sticky":false,"template":"","format":"standard","meta":{"_links_to":"","_links_to_target":""},"categories":[1],"tags":[],"_links":{"self":[{"href":"https:\/\/www.blogdotarugao.com.br\/v1\/wp-json\/wp\/v2\/posts\/59260"}],"collection":[{"href":"https:\/\/www.blogdotarugao.com.br\/v1\/wp-json\/wp\/v2\/posts"}],"about":[{"href":"https:\/\/www.blogdotarugao.com.br\/v1\/wp-json\/wp\/v2\/types\/post"}],"author":[{"embeddable":true,"href":"https:\/\/www.blogdotarugao.com.br\/v1\/wp-json\/wp\/v2\/users\/2"}],"replies":[{"embeddable":true,"href":"https:\/\/www.blogdotarugao.com.br\/v1\/wp-json\/wp\/v2\/comments?post=59260"}],"version-history":[{"count":1,"href":"https:\/\/www.blogdotarugao.com.br\/v1\/wp-json\/wp\/v2\/posts\/59260\/revisions"}],"predecessor-version":[{"id":59262,"href":"https:\/\/www.blogdotarugao.com.br\/v1\/wp-json\/wp\/v2\/posts\/59260\/revisions\/59262"}],"wp:attachment":[{"href":"https:\/\/www.blogdotarugao.com.br\/v1\/wp-json\/wp\/v2\/media?parent=59260"}],"wp:term":[{"taxonomy":"category","embeddable":true,"href":"https:\/\/www.blogdotarugao.com.br\/v1\/wp-json\/wp\/v2\/categories?post=59260"},{"taxonomy":"post_tag","embeddable":true,"href":"https:\/\/www.blogdotarugao.com.br\/v1\/wp-json\/wp\/v2\/tags?post=59260"}],"curies":[{"name":"wp","href":"https:\/\/api.w.org\/{rel}","templated":true}]}}