{"id":59263,"date":"2016-05-03T06:59:12","date_gmt":"2016-05-03T09:59:12","guid":{"rendered":"http:\/\/www.blogdotarugao.com.br\/v1\/?p=59263"},"modified":"2016-05-03T06:59:12","modified_gmt":"2016-05-03T09:59:12","slug":"em-video-temer-chama-feliciano-de-velho-amigo-e-diz-pregar-uniao-do-brasil-veja","status":"publish","type":"post","link":"https:\/\/www.blogdotarugao.com.br\/v1\/2016\/05\/03\/em-video-temer-chama-feliciano-de-velho-amigo-e-diz-pregar-uniao-do-brasil-veja\/","title":{"rendered":"Em v\u00eddeo, Temer chama Feliciano de \u2018velho amigo\u2019 e diz pregar uni\u00e3o do Brasil; veja"},"content":{"rendered":"<div class=\"box-title\">\n<h3 style=\"text-align: justify;\"><img loading=\"lazy\" class=\"  wp-image-59264 alignleft\" src=\"http:\/\/www.blogdotarugao.com.br\/v1\/wp-content\/uploads\/2016\/05\/Temer-e-Feliciano.jpg\" alt=\"Temer e Feliciano\" width=\"585\" height=\"431\" srcset=\"https:\/\/www.blogdotarugao.com.br\/v1\/wp-content\/uploads\/2016\/05\/Temer-e-Feliciano.jpg 380w, https:\/\/www.blogdotarugao.com.br\/v1\/wp-content\/uploads\/2016\/05\/Temer-e-Feliciano-300x221.jpg 300w\" sizes=\"(max-width: 585px) 100vw, 585px\" \/>A rela\u00e7\u00e3o do vice-presidente Michel Temer com quadros conservadores parece estar afiada. Nesta segunda-feira (2), o deputado federal Pastor Marco Feliciano (PSC-SP) divulgou um v\u00eddeo em que Temer diz que tem \u201cpregado\u201d a pacifica\u00e7\u00e3o nacional. Desde o ano passado, Temer tem defendido em discursos e entrevistas a &#8220;unifica\u00e7\u00e3o&#8221; do pa\u00eds, apesar do atual momento de crise pol\u00edtica. Ele tem dito tamb\u00e9m que \u00e9 preciso um governo de \u201csalva\u00e7\u00e3o nacional\u201d. \u201cN\u00f3s todos, eu e o pastor Marco Feliciano, queremos fazer uma religa\u00e7\u00e3o dos brasileiros e, para tanto, \u00e9 preciso muita ora\u00e7\u00e3o, que estamos empenhados nesta tarefa. Por isso, quando o pastor me d\u00e1 a oportunidade de dirigir-me a milhares de pessoas, quero pedir as ora\u00e7\u00f5es pelo Brasil, suas ora\u00e7\u00f5es para mim mesmo, e quero, mais uma vez, pregar a pacifica\u00e7\u00e3o do pa\u00eds\u201d, diz Temer no v\u00eddeo. Em outro trecho da grava\u00e7\u00e3o, o vice-presidente se refere a Marco Feliciano como um \u201ccompanheiro e velho amigo\u201d. Veja:<\/h3>\n<\/div>\n<div class=\"box-body\">\n<div class=\"text-descricao\">\n<h3 style=\"text-align: justify;\"><iframe loading=\"lazy\" src=\"https:\/\/www.youtube.com\/embed\/gG5Fo04od8M\" width=\"380\" height=\"280\" frameborder=\"0\" allowfullscreen=\"allowfullscreen\"><\/iframe><\/h3>\n<\/div>\n<\/div>\n","protected":false},"excerpt":{"rendered":"<p>A rela\u00e7\u00e3o do vice-presidente Michel Temer com quadros conservadores parece estar afiada. Nesta segunda-feira (2), o deputado federal Pastor Marco Feliciano (PSC-SP) divulgou um v\u00eddeo em que Temer diz que tem \u201cpregado\u201d a pacifica\u00e7\u00e3o nacional. Desde o ano passado, Temer tem defendido em discursos e entrevistas a &#8220;unifica\u00e7\u00e3o&#8221; do pa\u00eds, apesar do atual momento de [&hellip;]<\/p>\n","protected":false},"author":2,"featured_media":59266,"comment_status":"open","ping_status":"open","sticky":false,"template":"","format":"standard","meta":{"_links_to":"","_links_to_target":""},"categories":[1],"tags":[],"_links":{"self":[{"href":"https:\/\/www.blogdotarugao.com.br\/v1\/wp-json\/wp\/v2\/posts\/59263"}],"collection":[{"href":"https:\/\/www.blogdotarugao.com.br\/v1\/wp-json\/wp\/v2\/posts"}],"about":[{"href":"https:\/\/www.blogdotarugao.com.br\/v1\/wp-json\/wp\/v2\/types\/post"}],"author":[{"embeddable":true,"href":"https:\/\/www.blogdotarugao.com.br\/v1\/wp-json\/wp\/v2\/users\/2"}],"replies":[{"embeddable":true,"href":"https:\/\/www.blogdotarugao.com.br\/v1\/wp-json\/wp\/v2\/comments?post=59263"}],"version-history":[{"count":1,"href":"https:\/\/www.blogdotarugao.com.br\/v1\/wp-json\/wp\/v2\/posts\/59263\/revisions"}],"predecessor-version":[{"id":59265,"href":"https:\/\/www.blogdotarugao.com.br\/v1\/wp-json\/wp\/v2\/posts\/59263\/revisions\/59265"}],"wp:featuredmedia":[{"embeddable":true,"href":"https:\/\/www.blogdotarugao.com.br\/v1\/wp-json\/wp\/v2\/media\/59266"}],"wp:attachment":[{"href":"https:\/\/www.blogdotarugao.com.br\/v1\/wp-json\/wp\/v2\/media?parent=59263"}],"wp:term":[{"taxonomy":"category","embeddable":true,"href":"https:\/\/www.blogdotarugao.com.br\/v1\/wp-json\/wp\/v2\/categories?post=59263"},{"taxonomy":"post_tag","embeddable":true,"href":"https:\/\/www.blogdotarugao.com.br\/v1\/wp-json\/wp\/v2\/tags?post=59263"}],"curies":[{"name":"wp","href":"https:\/\/api.w.org\/{rel}","templated":true}]}}