{"id":59297,"date":"2016-05-03T19:39:03","date_gmt":"2016-05-03T22:39:03","guid":{"rendered":"http:\/\/www.blogdotarugao.com.br\/v1\/?p=59297"},"modified":"2016-05-03T19:39:03","modified_gmt":"2016-05-03T22:39:03","slug":"ex-presidente-lula-sera-investigado-juntamente-com-jaques-wagner-berzoini-edinho-senadores-e-deputados","status":"publish","type":"post","link":"https:\/\/www.blogdotarugao.com.br\/v1\/2016\/05\/03\/ex-presidente-lula-sera-investigado-juntamente-com-jaques-wagner-berzoini-edinho-senadores-e-deputados\/","title":{"rendered":"Ex-presidente Lula ser\u00e1 investigado juntamente com Jaques Wagner, Berzoini, Edinho, senadores e deputados"},"content":{"rendered":"<h3 style=\"text-align: justify;\"><img loading=\"lazy\" class=\"  wp-image-58512 alignleft\" src=\"http:\/\/www.blogdotarugao.com.br\/v1\/wp-content\/uploads\/2016\/04\/Lula-13.jpg\" alt=\"Lula 13\" width=\"584\" height=\"389\" srcset=\"https:\/\/www.blogdotarugao.com.br\/v1\/wp-content\/uploads\/2016\/04\/Lula-13.jpg 610w, https:\/\/www.blogdotarugao.com.br\/v1\/wp-content\/uploads\/2016\/04\/Lula-13-300x200.jpg 300w\" sizes=\"(max-width: 584px) 100vw, 584px\" \/>O inqu\u00e9rito conta atualmente com 39 investigados, entre parlamentares e operadores do esquema de corrup\u00e7\u00e3o da Petrobr\u00e1s<\/h3>\n<section class=\"post_content content-noticias clearfix\">\n<h3 style=\"text-align: justify;\">O procurador-geral da Rep\u00fablica, Rodrigo Janot, solicitou\u00a0ao Supremo Tribunal Federal, no dia 28 de abril, a inclus\u00e3o do ex-presidente Lula, dos ministros Jaques Wagner, Edinho Silva, e Ricardo Berzoini, no inqu\u00e9rito que originou \u00e0\u00a0Opera\u00e7\u00e3o Lava Jato perante \u00e0 Corte.<\/h3>\n<h3 style=\"text-align: justify;\">Al\u00e9m de Lula e dos ministros, numa extensa lista s\u00e3o\u00a0citados os senadores Jader Barbalho (PMDB-PA) e Delc\u00eddio Amaral (ex-PT-MS), e\u00a0os deputados Eduardo Cunha (PMDB-RJ), Eduardo da Fonte (PP-PE), Aguinaldo Ribeiro, Andr\u00e9 Moura, Arnaldo Faria de S\u00e1, Altineu Cort\u00eas e Manoel\u00a0Junior, al\u00e9m do ex-ministro Henrique Eduardo Alves, o assessora da Presid\u00eancia, Giles de Azevedo, a ex-ministra Erenice Guerra, o ex-ministro Antonio Palocci, o pecuarista Jos\u00e9 Carlos Bumlai, o presidente do Instituto Lula, Paulo Okamotto, o banqueiro Andr\u00e9 Esteves, o ex-ministro Silas Rondeau, o empres\u00e1rio\u00a0Milton Lyra, o lobista Jorge Luz, o ex-presidente da Transpetro\u00a0Sergio Machado, o ex-presidente da Petrobr\u00e1s Jos\u00e9 S\u00e9rgio Gabrielli, o doleiro Lucio Bolonha Funaro, Alexandre Santos, Carlos Willian,\u00a0Jo\u00e3o Magalh\u00e3es, Nelson Bornier e a ex-deputada Solange Almeida, aliada de Eduardo Cunha.<\/h3>\n<h3 style=\"text-align: justify;\"><img loading=\"lazy\" class=\" wp-image-361464  alignleft\" src=\"http:\/\/varelanoticias.com.br\/wp-content\/uploads\/2016\/05\/lista-lava-jato.jpg\" sizes=\"(max-width: 641px) 100vw, 641px\" srcset=\"http:\/\/varelanoticias.com.br\/wp-content\/uploads\/2016\/05\/lista-lava-jato-161x175.jpg 161w, http:\/\/varelanoticias.com.br\/wp-content\/uploads\/2016\/05\/lista-lava-jato-294x320.jpg 294w, http:\/\/varelanoticias.com.br\/wp-content\/uploads\/2016\/05\/lista-lava-jato.jpg 641w\" alt=\"lista lava jato\" width=\"585\" height=\"637\" \/>\u00a0 \u00a0 \u00a0 \u00a0 \u00a0 \u00a0 \u00a0 \u00a0 \u00a0 \u00a0 \u00a0 \u00a0 \u00a0 \u00a0 \u00a0 \u00a0 \u00a0 \u00a0 \u00a0 \u00a0 \u00a0 \u00a0 \u00a0 \u00a0 \u00a0 \u00a0 <em>Lista divulgada pelo Estad\u00e3o<\/em><\/h3>\n<h3 style=\"text-align: justify;\">\u201cNo \u00e2mbito dos membros do PT, os novos elementos probat\u00f3rios\u00a0indicam uma atua\u00e7\u00e3o da organiza\u00e7\u00e3o criminosa de forma\u00a0verticalizada, com um alcance bem mais amplo do que se imagina\u00a0no in\u00edcio e com uma enorme concentra\u00e7\u00e3o de poder nos chefes\u00a0da organiza\u00e7\u00e3o\u201d, afirmou Janot ao Estad\u00e3o.<\/h3>\n<h3 style=\"text-align: justify;\">\u201cAs provas apontam para o envolvimento das seguinte\u00a0autoridades com prerrogativa de foro: Edinho Silva, Ricardo Berzoini, Jaques Wagner e Delc\u00eddio Amaral.\u201d<\/h3>\n<h3 style=\"text-align: justify;\">Ainda de acordo com informa\u00e7\u00f5es do jornal, Janot afirmou que integrariam a organiza\u00e7\u00e3o: \u201cLuiz In\u00e1cio Lula da Silva, Antonio Palocci, Giles de Azevedo, Erenice Guerra, Jos\u00e9 Carlos Bumlai, Paulo Okamotto e Jos\u00e9 Gabrielli\u00a0tamb\u00e9m tiveram contra si colhidos in\u00fameros\u00a0ind\u00edcios de envolvimento no esquema criminoso objeto desta\u00a0apura\u00e7\u00e3o.\u201d<\/h3>\n<h3 style=\"text-align: justify;\">De acordo com Janot, o esquema de forma\u00e7\u00e3o de quadrilha investigado no processo jamais poderia ter existido sem o conhecimento do petista.<\/h3>\n<h3 style=\"text-align: justify;\">\u201cPelo panorama dos elementos probat\u00f3rios colhidos at\u00e9 aqui e descritos ao longo desta manifesta\u00e7\u00e3o, essa organiza\u00e7\u00e3o criminosa jamais poderia ter funcionado por tantos anos e de uma forma t\u00e3o ampla e agressiva no \u00e2mbito do governo federal sem que o ex-presidente Lula dela participasse\u201d, aponta Janot.<\/h3>\n<h3 style=\"text-align: justify;\">O inqu\u00e9rito conta atualmente com 39 investigados, entre parlamentares e operadores do esquema de corrup\u00e7\u00e3o da Petrobr\u00e1s. Caso o ministro Teori Zavascki, relator da Lava Jato no STF, aceite o pedido de Janot, o inqu\u00e9rito passar\u00e1 a ter 69 investigados.<\/h3>\n<\/section>\n","protected":false},"excerpt":{"rendered":"<p>O inqu\u00e9rito conta atualmente com 39 investigados, entre parlamentares e operadores do esquema de corrup\u00e7\u00e3o da Petrobr\u00e1s O procurador-geral da Rep\u00fablica, Rodrigo Janot, solicitou\u00a0ao Supremo Tribunal Federal, no dia 28 de abril, a inclus\u00e3o do ex-presidente Lula, dos ministros Jaques Wagner, Edinho Silva, e Ricardo Berzoini, no inqu\u00e9rito que originou \u00e0\u00a0Opera\u00e7\u00e3o Lava Jato perante \u00e0 [&hellip;]<\/p>\n","protected":false},"author":2,"featured_media":0,"comment_status":"open","ping_status":"open","sticky":false,"template":"","format":"standard","meta":{"_links_to":"","_links_to_target":""},"categories":[1],"tags":[],"_links":{"self":[{"href":"https:\/\/www.blogdotarugao.com.br\/v1\/wp-json\/wp\/v2\/posts\/59297"}],"collection":[{"href":"https:\/\/www.blogdotarugao.com.br\/v1\/wp-json\/wp\/v2\/posts"}],"about":[{"href":"https:\/\/www.blogdotarugao.com.br\/v1\/wp-json\/wp\/v2\/types\/post"}],"author":[{"embeddable":true,"href":"https:\/\/www.blogdotarugao.com.br\/v1\/wp-json\/wp\/v2\/users\/2"}],"replies":[{"embeddable":true,"href":"https:\/\/www.blogdotarugao.com.br\/v1\/wp-json\/wp\/v2\/comments?post=59297"}],"version-history":[{"count":1,"href":"https:\/\/www.blogdotarugao.com.br\/v1\/wp-json\/wp\/v2\/posts\/59297\/revisions"}],"predecessor-version":[{"id":59298,"href":"https:\/\/www.blogdotarugao.com.br\/v1\/wp-json\/wp\/v2\/posts\/59297\/revisions\/59298"}],"wp:attachment":[{"href":"https:\/\/www.blogdotarugao.com.br\/v1\/wp-json\/wp\/v2\/media?parent=59297"}],"wp:term":[{"taxonomy":"category","embeddable":true,"href":"https:\/\/www.blogdotarugao.com.br\/v1\/wp-json\/wp\/v2\/categories?post=59297"},{"taxonomy":"post_tag","embeddable":true,"href":"https:\/\/www.blogdotarugao.com.br\/v1\/wp-json\/wp\/v2\/tags?post=59297"}],"curies":[{"name":"wp","href":"https:\/\/api.w.org\/{rel}","templated":true}]}}