{"id":59341,"date":"2016-05-04T06:55:32","date_gmt":"2016-05-04T09:55:32","guid":{"rendered":"http:\/\/www.blogdotarugao.com.br\/v1\/?p=59341"},"modified":"2016-05-04T06:55:32","modified_gmt":"2016-05-04T09:55:32","slug":"nada-fara-voltar-o-tempo-diz-noiva-indenizada-por-apagao-em-seu-casamento","status":"publish","type":"post","link":"https:\/\/www.blogdotarugao.com.br\/v1\/2016\/05\/04\/nada-fara-voltar-o-tempo-diz-noiva-indenizada-por-apagao-em-seu-casamento\/","title":{"rendered":"\u2018Nada far\u00e1 voltar o tempo\u2019, diz noiva indenizada por apag\u00e3o em seu casamento"},"content":{"rendered":"<h3 style=\"text-align: justify;\"><strong>Justi\u00e7a determinou indeniza\u00e7\u00e3o de R$ 61 mil a cearense que perdeu festa. Queda de energia em 2011 afetou regi\u00e3o Nordeste por cerca de duas horas.<\/strong><\/h3>\n<h3 style=\"text-align: justify;\">Os meses de prepara\u00e7\u00e3o para a festa de casamento e mais de R$ 20 mil investidos no evento viraram uma frustra\u00e7\u00e3o para a comerciante cearense Rivane Maria Ara\u00fajo, 44, e para o mec\u00e2nico Jo\u00e3o Galdino, 47.<\/h3>\n<h3 style=\"text-align: justify;\"><img loading=\"lazy\" class=\"  wp-image-59342 alignleft\" src=\"http:\/\/www.blogdotarugao.com.br\/v1\/wp-content\/uploads\/2016\/05\/casamentog1-.jpg\" alt=\"casamentog1--\" width=\"584\" height=\"439\" srcset=\"https:\/\/www.blogdotarugao.com.br\/v1\/wp-content\/uploads\/2016\/05\/casamentog1-.jpg 620w, https:\/\/www.blogdotarugao.com.br\/v1\/wp-content\/uploads\/2016\/05\/casamentog1--300x225.jpg 300w\" sizes=\"(max-width: 584px) 100vw, 584px\" \/><\/h3>\n<h3 style=\"text-align: justify;\">Eles tiveram a cerim\u00f4nia matrimonial, em Fortaleza, cancelada devido a um apag\u00e3o el\u00e9trico em fevereiro de 2011.<\/h3>\n<h3 style=\"text-align: justify;\">Na semana passada, uma decis\u00e3o da Justi\u00e7a determinou que as companhias Hidroel\u00e9trica do S\u00e3o Francisco (Chesf) e a Energ\u00e9tica do Cear\u00e1 (Coelce) indenizem o casal em R$ 61 mil por danos morais e materiais. Cabe recurso da decis\u00e3o. A Chesf n\u00e3o retornou para comentar a determina\u00e7\u00e3o judicial. A Colece afirmou que n\u00e3o notificada sobre o caso e n\u00e3o iria comentar o assunto. A lista dos detalhes do casamento foi planejada tal qual nos sonhos: vestido com cauda, bolo com tr\u00eas andares, banda, buffet decorado.<img loading=\"lazy\" class=\" alignleft\" src=\"http:\/\/s2.glbimg.com\/0cj49VoEmMoPLewvXpmOZg_1nNQ=\/300x225\/s.glbimg.com\/jo\/g1\/f\/original\/2016\/05\/02\/casamento1.jpg\" alt=\"\" width=\"585\" height=\"441\" \/><\/h3>\n<h3 style=\"text-align: justify;\"><span id=\"more-89523\"><\/span>Mas na noite da festa, em 3 de fevereiro de 2011, um apag\u00e3o de cerca de duas horas n\u00e3o s\u00f3 em Fortaleza \u2013 oito estados do Nordeste foram afetados \u2013 interrompeu a noite antes mesmo que ela pudesse dan\u00e7ar a valsa dos rec\u00e9m-casados. \u201cN\u00e3o tem pre\u00e7o, nada vai fazer voltar o tempo, os convidados na festa\u201d, lamenta Rivane, mesmo ap\u00f3s a vit\u00f3ria na Justi\u00e7a. O casal se divorciou no ano passado. Assim que terminou a cerim\u00f4nia religiosa, com um pastor e juiz no pr\u00f3prio buffet, o local ficou no escuro, e logo a maioria dos convidados do casal come\u00e7ou a ir embora.<\/h3>\n<h3 style=\"text-align: justify;\">\u201cMuita gente se apavorou pra ir pra casa, recebeu liga\u00e7\u00f5es porque deixou crian\u00e7a em casa. Alguns convidados n\u00e3o tiveram coragem de se despedir, pensando em como eu estava. As pessoas ficaram muito tristes, sabiam que eu gosto de festa, e era a minha festa\u201d, relembra. \u201cEu senti que todo mundo olhava pra mim com pena\u201d, completa. \u00c0 \u00e9poca, a Companhia Hidrel\u00e9trica S\u00e3o Francisco (Chesf) apontou falha em uma subesta\u00e7\u00e3o de energia como causa do incidente. A reportagem procurou a Chesf, que n\u00e3o retornou para comentar a determina\u00e7\u00e3o judicial. A Companhia Energ\u00e9tica do Cear\u00e1 (Colece), tamb\u00e9m citada na decis\u00e3o como respons\u00e1vel pelo apag\u00e3o, afirmou que n\u00e3o notificada sobre o caso e n\u00e3o iria comentar o assunto.<\/h3>\n<h3 style=\"text-align: justify;\"><strong>Preparativos e frustra\u00e7\u00e3o<\/strong><\/h3>\n<p><!--more--><\/p>\n<h3 style=\"text-align: justify;\">A noiva diz que n\u00e3o imaginava a possibilidade de uma queda de energia e n\u00e3o foi alertada pela cerimonialista ou pelo servi\u00e7o de buffet, por isso n\u00e3o alugou um gerador. Trabalhando com aluguel de vestidos h\u00e1 mais de dez anos e com v\u00e1rias noivas entre suas clientes, ela conta que aprendeu uma li\u00e7\u00e3o: \u201cdesde essa \u00e9poca eu indico pra todas as noivas que aluguem gerador\u201d. \u201cN\u00e3o caiu a ficha na hora. Parecia que aquilo n\u00e3o estava acontecendo. Meu irm\u00e3o e outras pessoas ligaram o farol dos carros, porque o espa\u00e7o era aberto, e a gente conseguiu jantar. Quando voltou a energia, eu j\u00e1 estava em casa\u201d, lembra.<\/h3>\n<h3 style=\"text-align: justify;\">A noiva conta que adquiriu habilidade em lidar com noivas \u2013 \u201csempre muito nervosas, \u00e0 flor da pele\u201d \u2013 e que por isso conseguiu manter a serenidade na noite. \u201cNo outro dia, fiquei acabada, chorei o dia todo. Foi desesperador\u201d. Ela retornou ao local da festa no dia seguinte para pegar o bolo, que j\u00e1 havia sido desmontado, e teve outro momento de tristeza ao ver a nova decora\u00e7\u00e3o do espa\u00e7o. \u201cO buffet estava lindo, todo decorado de novo, mas n\u00e3o era minha festa. N\u00e3o sou de guardar coisas ruins, mas n\u00e3o foi f\u00e1cil\u201d. Rivane conta que a \u201cressaca moral\u201d foi tanta que adiou em uma semana a lua de mel, celebrada em Munda\u00fa, no litoral cearense. Atualmente divorciada, Rivane conta que n\u00e3o descarta a possibilidade de casar novamente \u2013 mas com uma cerim\u00f4nia em outro estilo. \u201cTalvez uma festa na praia, de dia. J\u00e1 quis muito glamour, muito brilho. Acho que n\u00e3o \u00e9 o que quero mais\u201d.<\/h3>\n","protected":false},"excerpt":{"rendered":"<p>Justi\u00e7a determinou indeniza\u00e7\u00e3o de R$ 61 mil a cearense que perdeu festa. Queda de energia em 2011 afetou regi\u00e3o Nordeste por cerca de duas horas. Os meses de prepara\u00e7\u00e3o para a festa de casamento e mais de R$ 20 mil investidos no evento viraram uma frustra\u00e7\u00e3o para a comerciante cearense Rivane Maria Ara\u00fajo, 44, e [&hellip;]<\/p>\n","protected":false},"author":2,"featured_media":0,"comment_status":"open","ping_status":"open","sticky":false,"template":"","format":"standard","meta":{"_links_to":"","_links_to_target":""},"categories":[1],"tags":[],"_links":{"self":[{"href":"https:\/\/www.blogdotarugao.com.br\/v1\/wp-json\/wp\/v2\/posts\/59341"}],"collection":[{"href":"https:\/\/www.blogdotarugao.com.br\/v1\/wp-json\/wp\/v2\/posts"}],"about":[{"href":"https:\/\/www.blogdotarugao.com.br\/v1\/wp-json\/wp\/v2\/types\/post"}],"author":[{"embeddable":true,"href":"https:\/\/www.blogdotarugao.com.br\/v1\/wp-json\/wp\/v2\/users\/2"}],"replies":[{"embeddable":true,"href":"https:\/\/www.blogdotarugao.com.br\/v1\/wp-json\/wp\/v2\/comments?post=59341"}],"version-history":[{"count":1,"href":"https:\/\/www.blogdotarugao.com.br\/v1\/wp-json\/wp\/v2\/posts\/59341\/revisions"}],"predecessor-version":[{"id":59343,"href":"https:\/\/www.blogdotarugao.com.br\/v1\/wp-json\/wp\/v2\/posts\/59341\/revisions\/59343"}],"wp:attachment":[{"href":"https:\/\/www.blogdotarugao.com.br\/v1\/wp-json\/wp\/v2\/media?parent=59341"}],"wp:term":[{"taxonomy":"category","embeddable":true,"href":"https:\/\/www.blogdotarugao.com.br\/v1\/wp-json\/wp\/v2\/categories?post=59341"},{"taxonomy":"post_tag","embeddable":true,"href":"https:\/\/www.blogdotarugao.com.br\/v1\/wp-json\/wp\/v2\/tags?post=59341"}],"curies":[{"name":"wp","href":"https:\/\/api.w.org\/{rel}","templated":true}]}}