{"id":59349,"date":"2016-05-04T12:01:18","date_gmt":"2016-05-04T15:01:18","guid":{"rendered":"http:\/\/www.blogdotarugao.com.br\/v1\/?p=59349"},"modified":"2016-05-04T12:01:18","modified_gmt":"2016-05-04T15:01:18","slug":"lula-estaria-deprimido-e-de-saco-cheio-de-dilma","status":"publish","type":"post","link":"https:\/\/www.blogdotarugao.com.br\/v1\/2016\/05\/04\/lula-estaria-deprimido-e-de-saco-cheio-de-dilma\/","title":{"rendered":"Lula estaria deprimido e de &#8220;saco cheio&#8221; de Dilma"},"content":{"rendered":"<div><img loading=\"lazy\" class=\"  wp-image-59350 alignleft\" src=\"http:\/\/www.blogdotarugao.com.br\/v1\/wp-content\/uploads\/2016\/05\/Lula-Dilma.jpg\" alt=\"Lula Dilma\" width=\"584\" height=\"250\" srcset=\"https:\/\/www.blogdotarugao.com.br\/v1\/wp-content\/uploads\/2016\/05\/Lula-Dilma.jpg 1370w, https:\/\/www.blogdotarugao.com.br\/v1\/wp-content\/uploads\/2016\/05\/Lula-Dilma-300x129.jpg 300w, https:\/\/www.blogdotarugao.com.br\/v1\/wp-content\/uploads\/2016\/05\/Lula-Dilma-1024x439.jpg 1024w\" sizes=\"(max-width: 584px) 100vw, 584px\" \/><\/div>\n<h3 style=\"text-align: justify;\">Com a situa\u00e7\u00e3o ca\u00f3tica que vive o PT no cen\u00e1rio pol\u00edtico atual, Lula estaria deprimido, preocupado e muito chateado. Sem citar o nome, \u00a0a coluna de M\u00f4nica Bergamo revelou que a informa\u00e7\u00e3o vem de um dos melhores amigos do ex-presidente.<\/h3>\n<h3 style=\"text-align: justify;\">Ainda segundo a Folha de S\u00e3o Paulo, o petista n\u00e3o teve uma negativa oficial dos m\u00e9dicos para n\u00e3o participar das manifesta\u00e7\u00f5es do dia 1 de maio, no Vale do Anhangaba\u00fa, na capital paulista. Ele estaria realmente rouco e chateado mas nada que o impedisse de participar do ato junto com a presidente Dilma Rousseff.<\/h3>\n<h3 style=\"text-align: justify;\">M\u00f4nica Bergamo diz ainda em sua coluna, que Lula teria resolvido ficar em casa por press\u00e3o de Dona Marisa que n\u00e3o supostamente n\u00e3o suportaria Dilma. E que ele estaria de &#8220;saco cheio&#8221; da presidente, embora tenha se esfor\u00e7ado para ser sol\u00edcito em tempos t\u00e3o nebulosos.<\/h3>\n","protected":false},"excerpt":{"rendered":"<p>Com a situa\u00e7\u00e3o ca\u00f3tica que vive o PT no cen\u00e1rio pol\u00edtico atual, Lula estaria deprimido, preocupado e muito chateado. Sem citar o nome, \u00a0a coluna de M\u00f4nica Bergamo revelou que a informa\u00e7\u00e3o vem de um dos melhores amigos do ex-presidente. Ainda segundo a Folha de S\u00e3o Paulo, o petista n\u00e3o teve uma negativa oficial dos [&hellip;]<\/p>\n","protected":false},"author":2,"featured_media":0,"comment_status":"open","ping_status":"open","sticky":false,"template":"","format":"standard","meta":{"_links_to":"","_links_to_target":""},"categories":[1],"tags":[],"_links":{"self":[{"href":"https:\/\/www.blogdotarugao.com.br\/v1\/wp-json\/wp\/v2\/posts\/59349"}],"collection":[{"href":"https:\/\/www.blogdotarugao.com.br\/v1\/wp-json\/wp\/v2\/posts"}],"about":[{"href":"https:\/\/www.blogdotarugao.com.br\/v1\/wp-json\/wp\/v2\/types\/post"}],"author":[{"embeddable":true,"href":"https:\/\/www.blogdotarugao.com.br\/v1\/wp-json\/wp\/v2\/users\/2"}],"replies":[{"embeddable":true,"href":"https:\/\/www.blogdotarugao.com.br\/v1\/wp-json\/wp\/v2\/comments?post=59349"}],"version-history":[{"count":1,"href":"https:\/\/www.blogdotarugao.com.br\/v1\/wp-json\/wp\/v2\/posts\/59349\/revisions"}],"predecessor-version":[{"id":59351,"href":"https:\/\/www.blogdotarugao.com.br\/v1\/wp-json\/wp\/v2\/posts\/59349\/revisions\/59351"}],"wp:attachment":[{"href":"https:\/\/www.blogdotarugao.com.br\/v1\/wp-json\/wp\/v2\/media?parent=59349"}],"wp:term":[{"taxonomy":"category","embeddable":true,"href":"https:\/\/www.blogdotarugao.com.br\/v1\/wp-json\/wp\/v2\/categories?post=59349"},{"taxonomy":"post_tag","embeddable":true,"href":"https:\/\/www.blogdotarugao.com.br\/v1\/wp-json\/wp\/v2\/tags?post=59349"}],"curies":[{"name":"wp","href":"https:\/\/api.w.org\/{rel}","templated":true}]}}