{"id":59352,"date":"2016-05-04T13:01:32","date_gmt":"2016-05-04T16:01:32","guid":{"rendered":"http:\/\/www.blogdotarugao.com.br\/v1\/?p=59352"},"modified":"2016-05-04T22:18:57","modified_gmt":"2016-05-05T01:18:57","slug":"nota-de-falecimento-morre-adira-salgado-de-71-anos-dona-dira-mae-de-diran-e-iracildo","status":"publish","type":"post","link":"https:\/\/www.blogdotarugao.com.br\/v1\/2016\/05\/04\/nota-de-falecimento-morre-adira-salgado-de-71-anos-dona-dira-mae-de-diran-e-iracildo\/","title":{"rendered":"NOTA DE FALECIMENTO: MORRE ADIRA SALGADO DE 71 ANOS (DONA D\u00cdRA) M\u00c3E DE DIRAN E IRACILDO"},"content":{"rendered":"<h3 style=\"text-align: justify;\"><img loading=\"lazy\" class=\"wp-image-59353 aligncenter\" src=\"http:\/\/www.blogdotarugao.com.br\/v1\/wp-content\/uploads\/2016\/05\/Dona-Dira.jpg\" alt=\"Dona Dira\" width=\"445\" height=\"643\" srcset=\"https:\/\/www.blogdotarugao.com.br\/v1\/wp-content\/uploads\/2016\/05\/Dona-Dira.jpg 243w, https:\/\/www.blogdotarugao.com.br\/v1\/wp-content\/uploads\/2016\/05\/Dona-Dira-208x300.jpg 208w\" sizes=\"(max-width: 445px) 100vw, 445px\" \/>Faleceu na manh\u00e3 desta quarta-feira (04) por volta de 04:50hs, a senhora Adira Salgado de 71 anos.<\/h3>\n<h3 style=\"text-align: justify;\">Dona D\u00edra com \u00e9 carinhosamente chamada pelos Amigos, passou mal na \u00faltima semana e foi socorrida e encaminhada a UPA 24 Horas, onde foi medicada e logo liberada.<\/h3>\n<h3 style=\"text-align: justify;\">Na manh\u00e3 desta quarta-feira ela que j\u00e1 vinha sofrendo com a press\u00e3o alta e infelizmente com a Zika, passou mal e faleceu em casa. Suspeita-se que ela tenha sofrido um \u00a0Infarto Fulminante.<\/h3>\n<h3 style=\"text-align: justify;\">Dona Dira que morou na rua Itaquara no bairro Primavera por mais de 45 anos, onde era muito conhecida e querida, deixa 02 filhos, Iracildo, Diran Salgado e Netos.<\/h3>\n<h3 style=\"text-align: justify;\">O Corpo de Dona D\u00edra, est\u00e1 sendo Velado no Cerimonial Pax Perfei\u00e7\u00e3o, de onde sa\u00edra o Cortejo F\u00fanebre nesta quinta-feira (05) em dire\u00e7\u00e3o a Fazenda Urandi que fica localizada a 10 km da Cidade, onde ser\u00e1 sepultada.<\/h3>\n<h3 id=\"yui_3_17_2_3_1426681039236_1939\" class=\"Fz-24 Fw-300 Mb-10\">\u201cDisse-lhe Jesus: EU SOU A RESSURREI\u00c7\u00c3O E A VIDA; quem cr\u00ea em mim, ainda que esteja morto, viver\u00e1.\u201d<\/h3>\n<h3 class=\"Fz-24 Fw-300 Mb-10\">Descanse em Paz, Dona D\u00edra!<\/h3>\n","protected":false},"excerpt":{"rendered":"<p>Faleceu na manh\u00e3 desta quarta-feira (04) por volta de 04:50hs, a senhora Adira Salgado de 71 anos. Dona D\u00edra com \u00e9 carinhosamente chamada pelos Amigos, passou mal na \u00faltima semana e foi socorrida e encaminhada a UPA 24 Horas, onde foi medicada e logo liberada. Na manh\u00e3 desta quarta-feira ela que j\u00e1 vinha sofrendo com [&hellip;]<\/p>\n","protected":false},"author":2,"featured_media":0,"comment_status":"open","ping_status":"open","sticky":false,"template":"","format":"standard","meta":{"_links_to":"","_links_to_target":""},"categories":[1],"tags":[],"_links":{"self":[{"href":"https:\/\/www.blogdotarugao.com.br\/v1\/wp-json\/wp\/v2\/posts\/59352"}],"collection":[{"href":"https:\/\/www.blogdotarugao.com.br\/v1\/wp-json\/wp\/v2\/posts"}],"about":[{"href":"https:\/\/www.blogdotarugao.com.br\/v1\/wp-json\/wp\/v2\/types\/post"}],"author":[{"embeddable":true,"href":"https:\/\/www.blogdotarugao.com.br\/v1\/wp-json\/wp\/v2\/users\/2"}],"replies":[{"embeddable":true,"href":"https:\/\/www.blogdotarugao.com.br\/v1\/wp-json\/wp\/v2\/comments?post=59352"}],"version-history":[{"count":4,"href":"https:\/\/www.blogdotarugao.com.br\/v1\/wp-json\/wp\/v2\/posts\/59352\/revisions"}],"predecessor-version":[{"id":59380,"href":"https:\/\/www.blogdotarugao.com.br\/v1\/wp-json\/wp\/v2\/posts\/59352\/revisions\/59380"}],"wp:attachment":[{"href":"https:\/\/www.blogdotarugao.com.br\/v1\/wp-json\/wp\/v2\/media?parent=59352"}],"wp:term":[{"taxonomy":"category","embeddable":true,"href":"https:\/\/www.blogdotarugao.com.br\/v1\/wp-json\/wp\/v2\/categories?post=59352"},{"taxonomy":"post_tag","embeddable":true,"href":"https:\/\/www.blogdotarugao.com.br\/v1\/wp-json\/wp\/v2\/tags?post=59352"}],"curies":[{"name":"wp","href":"https:\/\/api.w.org\/{rel}","templated":true}]}}