{"id":59504,"date":"2016-05-06T19:43:46","date_gmt":"2016-05-06T22:43:46","guid":{"rendered":"http:\/\/www.blogdotarugao.com.br\/v1\/?p=59504"},"modified":"2016-05-06T19:48:26","modified_gmt":"2016-05-06T22:48:26","slug":"dia-das-maes-detentos-beneficiados-por-saida-temporaria-ja-estao-nas-ruas","status":"publish","type":"post","link":"https:\/\/www.blogdotarugao.com.br\/v1\/2016\/05\/06\/dia-das-maes-detentos-beneficiados-por-saida-temporaria-ja-estao-nas-ruas\/","title":{"rendered":"Dia das M\u00e3es: detentos beneficiados por sa\u00edda tempor\u00e1ria j\u00e1 est\u00e3o nas ruas"},"content":{"rendered":"<header>\n<h3 class=\"titulo-interna\" style=\"text-align: justify;\"><img loading=\"lazy\" class=\"  wp-image-59505 alignleft\" src=\"http:\/\/www.blogdotarugao.com.br\/v1\/wp-content\/uploads\/2016\/05\/Pc-Civil.jpg\" alt=\"Pc Civil\" width=\"585\" height=\"410\" srcset=\"https:\/\/www.blogdotarugao.com.br\/v1\/wp-content\/uploads\/2016\/05\/Pc-Civil.jpg 800w, https:\/\/www.blogdotarugao.com.br\/v1\/wp-content\/uploads\/2016\/05\/Pc-Civil-300x210.jpg 300w\" sizes=\"(max-width: 585px) 100vw, 585px\" \/>Dias das M\u00e3es, Dia dos Pais e o Natal s\u00e3o algumas datas comemorativas em que muitas pessoas condenadas por diversos crimes e est\u00e3o respondendo em regime semiaberto s\u00e3o beneficiadas pela sa\u00edda tempor\u00e1ria.\u00a0A partir desta quinta-feira (5) milhares de detentos poder\u00e3o passar\u00a0o final de semana do Dia das M\u00e3es em suas casas em todo Brasil.<\/h3>\n<\/header>\n<div class=\"editor clearfix\">\n<h3 style=\"text-align: justify;\">Entre estes benef\u00edcios concedidos, est\u00e1 o de Suzane Richthofen, condenada a 39 anos de pris\u00e3o por matar os pais, o que gerou pol\u00eamica.\u00a0Ela deixou a Penitenci\u00e1ria feminina de Trememb\u00e9, em S\u00e3o Paulo, na manh\u00e3 de quarta-feira (4) para a sa\u00edda tempor\u00e1ria do Dia das M\u00e3es. Um dia antes de outros presos que s\u00f3 tiveram direito ao benef\u00edcio nesta quinta-feira (5).<\/h3>\n<h3 style=\"text-align: justify;\">Na Bahia, a lista de presos que recebem o benef\u00edcio para o Dia das M\u00e3es n\u00e3o foi divulgada pela Secretaria de Administra\u00e7\u00e3o Penitenci\u00e1ria e Ressocializa\u00e7\u00e3o da Bahia (Seap-BA). A reda\u00e7\u00e3o do <strong>Boc\u00e3o News<\/strong> entrou em contato com a assessoria do \u00f3rg\u00e3o, mas as liga\u00e7\u00f5es n\u00e3o foram atendidas. Nos\u00a0estados como Piau\u00ed, S\u00e3o Paulo, Tocantins e na cidade de S\u00e3o Lu\u00eds, j\u00e1 foram publicadas as respectivas quantidades de presos que retornar\u00e3o ao conv\u00edvio social durante este per\u00edodo.<\/h3>\n<h3 style=\"text-align: justify;\">O coordenador-geral do Sindicato dos Servidores Penitenci\u00e1rios do Estado da Bahia (SINSPEB), Reivon Pimentel, afirmou que a\u00a0evas\u00e3o de presos beneficiados pela sa\u00edda tempor\u00e1ria \u00e9 de 7%. A mesma m\u00e9dia foi registrada na sa\u00edda de fim de ano de 2015, \u00a0nos dias que antecedem o Natal. Pimentel explicou que estes presos que retornam s\u00e3o aqueles com penas mais leves e que est\u00e3o mais pr\u00f3ximos de receber a liberdade. \u201cO tempo de pris\u00e3o a ser cumprido, influencia muito na decis\u00e3o do detento retornar no prazo determinado pela Justi\u00e7a. Se ele falta pouco tempo para alcan\u00e7ar a liberdade, ele volta no tempo previsto para evitar o retardamento da pena&#8221;, analisa.<\/h3>\n<h3 style=\"text-align: justify;\">Segundo Pimentel, em alguns casos os internos n\u00e3o retornam aos pres\u00eddios por causa de problemas com organiza\u00e7\u00f5es criminosas dentro das unidades. Ainda conforme ele, na cidade de Paulo Afonso -BA, um condenado do regime semiaberto, identificado como Hugo Gomes, teve a sa\u00edda tempor\u00e1ria liberada em outubro de 2015. O interno teria sido amea\u00e7ado por rivais de uma fac\u00e7\u00e3o. At\u00e9 a data desta mat\u00e9ria, Hugo n\u00e3o havia retornado a unidade prisional.<\/h3>\n<h3 style=\"text-align: justify;\">O coordenador geral da Sinspeb-Ba, disse tamb\u00e9m que o estado perdeu o controle dentro das unidades prisionais. \u201cO crime organizado \u00e9 quem manda dentro das unidades. O estado perdeu o controle, at\u00e9 porque n\u00e3o tem como controlar uma massa de 800 internos no pres\u00eddio de Salvador, para 10 agentes, s\u00f3 no momento da abertura. Mesmo quando entram em liberdade, muitos voltam a cometer delitos\u201d, afirma.<\/h3>\n<h3 style=\"text-align: justify;\">A sa\u00edda tempor\u00e1ria est\u00e1 prevista no artigo 122 da Lei 7.210 de Execu\u00e7\u00e3o Penal e garante aos condenados, que cumprem pena em regimes semiabertos, a possibilidade de sa\u00edrem temporariamente da unidade prisional.<\/h3>\n<h3 style=\"text-align: justify;\">O promotor de Justi\u00e7a Davi Gallo, que atua na Promotoria de J\u00fari do Minist\u00e9rio P\u00fablico da Bahia (MP-BA) avalia que as sa\u00eddas tempor\u00e1rias n\u00e3o t\u00eam efic\u00e1cia. \u201cNesses per\u00edodos, a criminalidade aumenta e a maioria n\u00e3o retornam e alguns at\u00e9 cometem homic\u00eddios\u201d, afirma o promotor, que comentou tamb\u00e9m o benef\u00edcio dado a Suzane Richthonfen. \u201cSou totalmente contra. Pena \u00e9 uma coisa que, quando o indiv\u00edduo recebe, ele tem que cumprir, salvo os casos em que n\u00e3o cometeu viol\u00eancia contra pessoa\u201d, analisa Davi Gallo.<\/h3>\n<h3 style=\"text-align: justify;\">Para Davi Gallo, o sistema penitenci\u00e1rio brasileiro \u00e9 falido e o crime organizado dentro dos pres\u00eddios, utiliza os presos com direito a sa\u00edda tempor\u00e1ria. \u201cO sistema penitenci\u00e1rio n\u00e3o ressocializa ningu\u00e9m. Dessa quantidade de presos que s\u00e3o beneficiados, um ou outro, que cometeu um furto, estelionato, ou outro crime leve, retornam, mas n\u00e3o creio que funciona. O crime organizado dentro dos pres\u00eddios recruta os presos que est\u00e3o para sair, seja com pris\u00e3o preventiva revogada ou que v\u00e3o receber esses benef\u00edcios para levar suas a\u00e7\u00f5es criminosas \u00e0s ruas\u201d, comenta.<\/h3>\n<h3 style=\"text-align: justify;\">O promotor ainda ressaltou a necessidade de a sociedade ser informada sobre a quantidade de pessoas que cometeram crime sendo reinseridas na sociedade pelos dias da sa\u00edda tempor\u00e1ria. \u201cN\u00f3s temos uma lei, em que determina que todo ato p\u00fablico seja disponibilizado a sociedade, mas nem todos os \u00f3rg\u00e3os a seguem. Mais uma vez vai sair uma quantidade de presos que a sociedade nem sabe quantos, por quanto tempo e principalmente, o tipo de pessoa que est\u00e1 sendo colocada no conv\u00edvio social\u201d, pontua.\u00a0<!--more--><\/h3>\n<h3 style=\"text-align: justify;\">Para o promotor do MP-Ba, h\u00e1 uma invers\u00e3o de valores com o tratamento de pessoas que cometeram crimes. \u201cVivemos um momento ditadura do &#8216;garantismo&#8217;. Tiram todos os direitos da sociedade, d\u00e3o ao criminoso e tratam o criminoso como se ele fosse a v\u00edtima. Eles est\u00e3o cheio de direitos e humanidade, enquanto a sociedade n\u00e3o tem os mesmos direitos. Ficam sem direito a proteger seu corpo, seu patrim\u00f4nio e sua pr\u00f3pria vida\u201d, critica.<\/h3>\n<h3 style=\"text-align: justify;\">O <strong>Boc\u00e3o News<\/strong> noticiou alguns casos envolvendo pessoas condenadas que foram favorecidos com a sa\u00edda tempor\u00e1ria. Os casos variam desde pequenos furtos, at\u00e9 tr\u00e1fico de drogas, estupro e homic\u00eddios.<\/h3>\n<h3 style=\"text-align: justify;\">O que mais chocou a popula\u00e7\u00e3o foi a morte da m\u00e9dica Rita de C\u00e1ssia Tavares Martinez, 39 anos, que foi sequestrada junto com a filha de um ano e 8 meses no Shopping da Bahia, em 2009. Gilvan Cl\u00e9ucio de Assis, 35 anos, estava em liberdade para passar o Dia dos Pais em casa, pois recebeu o benef\u00edcio da sa\u00edda tempor\u00e1ria. No dia 11 de agosto do mesmo ano, ele confessou o crime, ap\u00f3s ser apresentado como o principal suspeito.<\/h3>\n<h3 style=\"text-align: justify;\">Neste ano, <a href=\"http:\/\/http\/\/www.bocaonews.com.br\/noticias\/principal\/polacia\/132840,bandido-beneficiado-por-saada-temporaria-a-encontrado-com-drogas-em-salvador.html\" target=\"_blank\">tr\u00eas homens foram presos no dia 3 de janeiro portando drogas a bordo de um ve\u00edculo com drogas, aparelhos celulares e balan\u00e7a de precis\u00e3o.<\/a> Entre os presos estava Cristian Oliveira de Almeida, solto para passar o final de ano. Na companhia dele estava, Marcos Vinicius Rafael Pereira e Tarc\u00edsio Nascimento Santos.<\/h3>\n<h3 style=\"text-align: justify;\">O \u00faltimo caso mais recente foi a<a href=\"http:\/\/http\/\/www.bocaonews.com.br\/noticias\/principal\/polacia\/142580,criminoso-que-nao-retornou-de-saada-temporaria-de-natal-a-preso-com-drogas.html\" target=\"_blank\"> pris\u00e3o de Danilo de Jesus Palmeira, que \u00e9 interno do Conjunto Penal de Lauro de Freitas, no \u00faltimo dia 22 de abril<\/a>. Segundo informa\u00e7\u00f5es da pol\u00edcia, Danilo n\u00e3o retornou ao pres\u00eddio ap\u00f3s ser beneficiado pela sa\u00edda \u00a0de Natal em dezembro de 2015. Com ele e o comparsa, foram encontradas 77 pedras de Crack, um rel\u00f3gio, um aparelho celular, um cord\u00e3o dourado e a quantia de R$299.<\/h3>\n<h3 style=\"text-align: justify;\">O prazo estipulado pela Justi\u00e7a para encerramento da sa\u00edda tempor\u00e1ria dos detentos \u00e9 na pr\u00f3xima quarta-feira (11), quando eles devem retornar as unidades prisionais.<\/h3>\n<h3 style=\"text-align: justify;\">Fonte: Boc\u00e3o News<\/h3>\n<\/div>\n","protected":false},"excerpt":{"rendered":"<p>Dias das M\u00e3es, Dia dos Pais e o Natal s\u00e3o algumas datas comemorativas em que muitas pessoas condenadas por diversos crimes e est\u00e3o respondendo em regime semiaberto s\u00e3o beneficiadas pela sa\u00edda tempor\u00e1ria.\u00a0A partir desta quinta-feira (5) milhares de detentos poder\u00e3o passar\u00a0o final de semana do Dia das M\u00e3es em suas casas em todo Brasil. Entre [&hellip;]<\/p>\n","protected":false},"author":2,"featured_media":0,"comment_status":"open","ping_status":"open","sticky":false,"template":"","format":"standard","meta":{"_links_to":"","_links_to_target":""},"categories":[1],"tags":[],"_links":{"self":[{"href":"https:\/\/www.blogdotarugao.com.br\/v1\/wp-json\/wp\/v2\/posts\/59504"}],"collection":[{"href":"https:\/\/www.blogdotarugao.com.br\/v1\/wp-json\/wp\/v2\/posts"}],"about":[{"href":"https:\/\/www.blogdotarugao.com.br\/v1\/wp-json\/wp\/v2\/types\/post"}],"author":[{"embeddable":true,"href":"https:\/\/www.blogdotarugao.com.br\/v1\/wp-json\/wp\/v2\/users\/2"}],"replies":[{"embeddable":true,"href":"https:\/\/www.blogdotarugao.com.br\/v1\/wp-json\/wp\/v2\/comments?post=59504"}],"version-history":[{"count":2,"href":"https:\/\/www.blogdotarugao.com.br\/v1\/wp-json\/wp\/v2\/posts\/59504\/revisions"}],"predecessor-version":[{"id":59507,"href":"https:\/\/www.blogdotarugao.com.br\/v1\/wp-json\/wp\/v2\/posts\/59504\/revisions\/59507"}],"wp:attachment":[{"href":"https:\/\/www.blogdotarugao.com.br\/v1\/wp-json\/wp\/v2\/media?parent=59504"}],"wp:term":[{"taxonomy":"category","embeddable":true,"href":"https:\/\/www.blogdotarugao.com.br\/v1\/wp-json\/wp\/v2\/categories?post=59504"},{"taxonomy":"post_tag","embeddable":true,"href":"https:\/\/www.blogdotarugao.com.br\/v1\/wp-json\/wp\/v2\/tags?post=59504"}],"curies":[{"name":"wp","href":"https:\/\/api.w.org\/{rel}","templated":true}]}}