{"id":59549,"date":"2016-05-07T18:07:35","date_gmt":"2016-05-07T21:07:35","guid":{"rendered":"http:\/\/www.blogdotarugao.com.br\/v1\/?p=59549"},"modified":"2016-05-07T18:07:35","modified_gmt":"2016-05-07T21:07:35","slug":"samu-e-farmacia-popular-vao-ficar-sem-verbas-a-partir-de-agosto","status":"publish","type":"post","link":"https:\/\/www.blogdotarugao.com.br\/v1\/2016\/05\/07\/samu-e-farmacia-popular-vao-ficar-sem-verbas-a-partir-de-agosto\/","title":{"rendered":"Samu e Farm\u00e1cia Popular v\u00e3o ficar sem verbas a partir de agosto"},"content":{"rendered":"<div class=\"PostContent\">\n<div class=\"mceTemp\">\n<div id=\"attachment_59550\" style=\"width: 594px\" class=\"wp-caption alignleft\"><img aria-describedby=\"caption-attachment-59550\" loading=\"lazy\" class=\"wp-image-59550\" src=\"http:\/\/www.blogdotarugao.com.br\/v1\/wp-content\/uploads\/2016\/05\/SAMU11.jpg\" alt=\"SAMU11\" width=\"584\" height=\"340\" srcset=\"https:\/\/www.blogdotarugao.com.br\/v1\/wp-content\/uploads\/2016\/05\/SAMU11.jpg 960w, https:\/\/www.blogdotarugao.com.br\/v1\/wp-content\/uploads\/2016\/05\/SAMU11-300x175.jpg 300w\" sizes=\"(max-width: 584px) 100vw, 584px\" \/><p id=\"caption-attachment-59550\" class=\"wp-caption-text\">Samu ser\u00e1 prejudicado a partir de agosto, quando as verbas para o programa devem acabar.<\/p><\/div>\n<\/div>\n<h3 style=\"text-align: justify;\">O ministro da Sa\u00fade em exerc\u00edcio, Agenor \u00c1lvares da Silva, afirmou que recursos para Farm\u00e1cia Popular e para o Servi\u00e7o de Atendimento M\u00f3vel de Urg\u00eancia (Samu) s\u00e3o suficientes somente at\u00e9 agosto. Depois disso, uma solu\u00e7\u00e3o ter\u00e1 de ser encontrada para financiar os dois programas. \u201cSer\u00e1 preciso encontrar uma forma de pagamento\u201d, disse, ao sair de reuni\u00e3o no Conselho Nacional de Sa\u00fade. \u00c1lvares da Silva confirmou ainda que recursos n\u00e3o ser\u00e3o suficientes para honrar compromissos de procedimentos de m\u00e9dia e alta complexidade, como cirurgias e interna\u00e7\u00f5es, a partir de dezembro.<\/h3>\n<h3 style=\"text-align: justify;\">A dificuldade no pagamento de contas \u00e9 fruto de uma redu\u00e7\u00e3o na previs\u00e3o do or\u00e7amento para o Minist\u00e9rio da Sa\u00fade em 2016, no valor de R$ 5,5 bilh\u00f5es. Fontes ouvidas pela reportagem afirmam que o aperto nas contas come\u00e7ou a ser sentido h\u00e1 alguns meses.<\/h3>\n<h3 style=\"text-align: justify;\">Propostas de novas atividades e solicita\u00e7\u00e3o de recursos v\u00eam recebendo resposta negativa em raz\u00e3o do aperto. \u201cDiante da redu\u00e7\u00e3o das verbas, procuramos no primeiro momento controlar os gastos discricion\u00e1rios. Depois de algum tempo, no entanto, eles chegar\u00e3o tamb\u00e9m a procedimentos como repasses para procedimentos como cirurgias\u201d, disse o ministro em exerc\u00edcio.<\/h3>\n<h3 style=\"text-align: justify;\">A falta de verbas afetaria, de acordo com \u00c1lvares da Silva, o Aqui Tem Farm\u00e1cia Popular, um dos desdobramentos do programa inicial, em que estabelecimentos comerciais vendem medicamentos para rinite, colesterol, mal de Parkinson, glaucoma, osteoporose anticoncepcionais e fraldas geri\u00e1tricas. O pre\u00e7o n\u00e3o \u00e9 cobrado da popula\u00e7\u00e3o, mas \u00e9 reembolsado pelo Minist\u00e9rio da Sa\u00fade aos estabelecimentos. \u201cA partir de setembro, vamos ver como esse repasse ter\u00e1 de ser feito para as farm\u00e1cias credenciadas.\u201d<span id=\"more-49281\"><\/span><\/h3>\n<h3 style=\"text-align: justify;\">Uma das preocupa\u00e7\u00f5es \u00e9 a falta de recursos tamb\u00e9m para procedimentos de m\u00e9dia e alta complexidade. O problema j\u00e1 aconteceu h\u00e1 dois anos, causando uma onda de protestos entre prestadores de servi\u00e7os. Em setembro de 2015, o ent\u00e3o ministro da Sa\u00fade, Arthur Chioro, poucos dias antes de deixar a pasta, j\u00e1 havia alertado, em entrevista ao Estado, sobre a dificuldade para quitar as contas em 2016.<\/h3>\n<h3 style=\"text-align: justify;\">Ao longo deste ano, a pasta afirmou que problemas seriam resolvidos a tempo. \u00c1lvares da Silva disse ter esperan\u00e7a de que uma solu\u00e7\u00e3o ser\u00e1 encontrada.<\/h3>\n<h3 style=\"text-align: justify;\"><strong>Despedida<\/strong><\/h3>\n<h3 style=\"text-align: justify;\">Nesta quinta-feira, 5, o ministro fez um discurso em tom de despedida no Conselho Nacional de Sa\u00fade. Ao ouvir reivindica\u00e7\u00f5es de representantes do Conselho Federal de Psicologia, rebateu: \u201cEstou de sa\u00edda. Agora \u00e9 com novo minist\u00e9rio\u201d.<\/h3>\n<h3 style=\"text-align: justify;\">A poucos dias de deixar o cargo, o ministro afirma que a pasta est\u00e1 trabalhando para deixar pelo menos duas \u00e1reas resolvidas. \u201cTodas as provid\u00eancias da Olimp\u00edada est\u00e3o tomadas. Compra de soros, equipes, ambul\u00e2ncias\u201d, disse. Outro ponto que, de acordo com ele, j\u00e1 foi acertado \u00e9 o de combate a arboviroses. \u201cFizemos o que tinha de ser feito.\u201d<\/h3>\n<\/div>\n","protected":false},"excerpt":{"rendered":"<p>O ministro da Sa\u00fade em exerc\u00edcio, Agenor \u00c1lvares da Silva, afirmou que recursos para Farm\u00e1cia Popular e para o Servi\u00e7o de Atendimento M\u00f3vel de Urg\u00eancia (Samu) s\u00e3o suficientes somente at\u00e9 agosto. Depois disso, uma solu\u00e7\u00e3o ter\u00e1 de ser encontrada para financiar os dois programas. \u201cSer\u00e1 preciso encontrar uma forma de pagamento\u201d, disse, ao sair de [&hellip;]<\/p>\n","protected":false},"author":2,"featured_media":0,"comment_status":"open","ping_status":"open","sticky":false,"template":"","format":"standard","meta":{"_links_to":"","_links_to_target":""},"categories":[1],"tags":[],"_links":{"self":[{"href":"https:\/\/www.blogdotarugao.com.br\/v1\/wp-json\/wp\/v2\/posts\/59549"}],"collection":[{"href":"https:\/\/www.blogdotarugao.com.br\/v1\/wp-json\/wp\/v2\/posts"}],"about":[{"href":"https:\/\/www.blogdotarugao.com.br\/v1\/wp-json\/wp\/v2\/types\/post"}],"author":[{"embeddable":true,"href":"https:\/\/www.blogdotarugao.com.br\/v1\/wp-json\/wp\/v2\/users\/2"}],"replies":[{"embeddable":true,"href":"https:\/\/www.blogdotarugao.com.br\/v1\/wp-json\/wp\/v2\/comments?post=59549"}],"version-history":[{"count":2,"href":"https:\/\/www.blogdotarugao.com.br\/v1\/wp-json\/wp\/v2\/posts\/59549\/revisions"}],"predecessor-version":[{"id":59552,"href":"https:\/\/www.blogdotarugao.com.br\/v1\/wp-json\/wp\/v2\/posts\/59549\/revisions\/59552"}],"wp:attachment":[{"href":"https:\/\/www.blogdotarugao.com.br\/v1\/wp-json\/wp\/v2\/media?parent=59549"}],"wp:term":[{"taxonomy":"category","embeddable":true,"href":"https:\/\/www.blogdotarugao.com.br\/v1\/wp-json\/wp\/v2\/categories?post=59549"},{"taxonomy":"post_tag","embeddable":true,"href":"https:\/\/www.blogdotarugao.com.br\/v1\/wp-json\/wp\/v2\/tags?post=59549"}],"curies":[{"name":"wp","href":"https:\/\/api.w.org\/{rel}","templated":true}]}}