{"id":59595,"date":"2016-05-08T15:17:38","date_gmt":"2016-05-08T18:17:38","guid":{"rendered":"http:\/\/www.blogdotarugao.com.br\/v1\/?p=59595"},"modified":"2016-05-08T15:17:38","modified_gmt":"2016-05-08T18:17:38","slug":"papa-pede-gratidao-e-afeto-para-todas-as-maes","status":"publish","type":"post","link":"https:\/\/www.blogdotarugao.com.br\/v1\/2016\/05\/08\/papa-pede-gratidao-e-afeto-para-todas-as-maes\/","title":{"rendered":"Papa pede &#8220;gratid\u00e3o e afeto&#8221; para todas as m\u00e3es"},"content":{"rendered":"<div><img loading=\"lazy\" class=\"  wp-image-59596 alignleft\" src=\"http:\/\/www.blogdotarugao.com.br\/v1\/wp-content\/uploads\/2016\/05\/Papa-dia-das-m\u00e3es.jpg\" alt=\"Papa dia das m\u00e3es\" width=\"585\" height=\"354\" srcset=\"https:\/\/www.blogdotarugao.com.br\/v1\/wp-content\/uploads\/2016\/05\/Papa-dia-das-m\u00e3es.jpg 800w, https:\/\/www.blogdotarugao.com.br\/v1\/wp-content\/uploads\/2016\/05\/Papa-dia-das-m\u00e3es-300x182.jpg 300w\" sizes=\"(max-width: 585px) 100vw, 585px\" \/><\/div>\n<div><\/div>\n<h3 style=\"text-align: justify;\">O papa pediu hoje (8) &#8220;gratid\u00e3o e afeto&#8221; para as m\u00e3es de todo o mundo, no dia em que muitos pa\u00edses celebram o Dia das M\u00e3es.<\/h3>\n<h3 style=\"text-align: justify;\">&#8220;Hoje, em muitos pa\u00edses, celebra-se a festa das m\u00e3es, recordamos com gratid\u00e3o e afeto todas as m\u00e3es, confiando-as a Maria, m\u00e3e de Jesus&#8221;, afirmou o papa, da varanda do pal\u00e1cio apost\u00f3lico, onde pronunciou a ora\u00e7\u00e3o Regina Coeli, ora\u00e7\u00e3o do meio-dia no tempo pascal que substitui o Angelus dominical.<\/h3>\n<h3 style=\"text-align: justify;\">O papa tamb\u00e9m recordou a celebra\u00e7\u00e3o da quinquag\u00e9sima Jornada Mundial da Comunica\u00e7\u00e3o Social.<\/h3>\n<h3 style=\"text-align: justify;\">Numa reflex\u00e3o sobre a igreja no mundo contempor\u00e2neo, Francisco recordou que os participantes do Conc\u00edlio Vaticano 2 &#8220;entender\u00e3o a import\u00e2ncia crucial das comunica\u00e7\u00f5es, que podem criar pontes entre as pessoas, as fam\u00edlias, os grupos sociais e os povos, tanto no ambiente f\u00edsico, como no digital&#8221;.<\/h3>\n<h3 style=\"text-align: justify;\">O papa mostrou-se, em diversas ocasi\u00f5es, a favor do uso das novas tecnologias como via de aproxima\u00e7\u00e3o ao Evangelho em diversos cantos do mundo. Hoje, ele est\u00e1 presente nas redes sociais Twitter e Instagram.<\/h3>\n","protected":false},"excerpt":{"rendered":"<p>O papa pediu hoje (8) &#8220;gratid\u00e3o e afeto&#8221; para as m\u00e3es de todo o mundo, no dia em que muitos pa\u00edses celebram o Dia das M\u00e3es. &#8220;Hoje, em muitos pa\u00edses, celebra-se a festa das m\u00e3es, recordamos com gratid\u00e3o e afeto todas as m\u00e3es, confiando-as a Maria, m\u00e3e de Jesus&#8221;, afirmou o papa, da varanda do [&hellip;]<\/p>\n","protected":false},"author":2,"featured_media":0,"comment_status":"open","ping_status":"open","sticky":false,"template":"","format":"standard","meta":{"_links_to":"","_links_to_target":""},"categories":[1],"tags":[],"_links":{"self":[{"href":"https:\/\/www.blogdotarugao.com.br\/v1\/wp-json\/wp\/v2\/posts\/59595"}],"collection":[{"href":"https:\/\/www.blogdotarugao.com.br\/v1\/wp-json\/wp\/v2\/posts"}],"about":[{"href":"https:\/\/www.blogdotarugao.com.br\/v1\/wp-json\/wp\/v2\/types\/post"}],"author":[{"embeddable":true,"href":"https:\/\/www.blogdotarugao.com.br\/v1\/wp-json\/wp\/v2\/users\/2"}],"replies":[{"embeddable":true,"href":"https:\/\/www.blogdotarugao.com.br\/v1\/wp-json\/wp\/v2\/comments?post=59595"}],"version-history":[{"count":1,"href":"https:\/\/www.blogdotarugao.com.br\/v1\/wp-json\/wp\/v2\/posts\/59595\/revisions"}],"predecessor-version":[{"id":59597,"href":"https:\/\/www.blogdotarugao.com.br\/v1\/wp-json\/wp\/v2\/posts\/59595\/revisions\/59597"}],"wp:attachment":[{"href":"https:\/\/www.blogdotarugao.com.br\/v1\/wp-json\/wp\/v2\/media?parent=59595"}],"wp:term":[{"taxonomy":"category","embeddable":true,"href":"https:\/\/www.blogdotarugao.com.br\/v1\/wp-json\/wp\/v2\/categories?post=59595"},{"taxonomy":"post_tag","embeddable":true,"href":"https:\/\/www.blogdotarugao.com.br\/v1\/wp-json\/wp\/v2\/tags?post=59595"}],"curies":[{"name":"wp","href":"https:\/\/api.w.org\/{rel}","templated":true}]}}