{"id":59659,"date":"2016-05-09T14:40:28","date_gmt":"2016-05-09T17:40:28","guid":{"rendered":"http:\/\/www.blogdotarugao.com.br\/v1\/?p=59659"},"modified":"2016-05-09T14:40:28","modified_gmt":"2016-05-09T17:40:28","slug":"renan-convoca-reuniao-de-emergencia-para-discutir-impeachment","status":"publish","type":"post","link":"https:\/\/www.blogdotarugao.com.br\/v1\/2016\/05\/09\/renan-convoca-reuniao-de-emergencia-para-discutir-impeachment\/","title":{"rendered":"Renan convoca reuni\u00e3o de emerg\u00eancia para discutir impeachment"},"content":{"rendered":"<h3 style=\"text-align: justify;\"><img loading=\"lazy\" class=\"  wp-image-59660 alignleft\" src=\"http:\/\/www.blogdotarugao.com.br\/v1\/wp-content\/uploads\/2016\/05\/Renan-Calheiros-Impeachment.jpeg\" alt=\"Renan Calheiros Impeachment\" width=\"585\" height=\"439\" srcset=\"https:\/\/www.blogdotarugao.com.br\/v1\/wp-content\/uploads\/2016\/05\/Renan-Calheiros-Impeachment.jpeg 690w, https:\/\/www.blogdotarugao.com.br\/v1\/wp-content\/uploads\/2016\/05\/Renan-Calheiros-Impeachment-300x225.jpeg 300w\" sizes=\"(max-width: 585px) 100vw, 585px\" \/>O presidente do Senado, Renan Calheiros (PMDB-AL), convocou l\u00edderes partid\u00e1rios e senadores para uma reuni\u00e3o de emerg\u00eancia na tarde desta segunda-feira para discutir a decis\u00e3o do presidente interino da C\u00e2mara Waldir Maranh\u00e3o (PP-MA), que <a href=\"http:\/\/veja.abril.com.br\/noticia\/brasil\/presidente-interino-camara-anula-sessao-que-aceitou-impeachment\" rel=\"\"><strong>anulou sess\u00e3o do impeachment<\/strong><\/a>.<\/h3>\n<h3 style=\"text-align: justify;\">A tend\u00eancia \u00e9 que Renan n\u00e3o acolha a determina\u00e7\u00e3o por considerar n\u00e3o haver base jur\u00eddica no despacho do parlamentar. O presidente da comiss\u00e3o especial do impeachment no Senado Raimundo Lira (PMDB-PB) informou que, at\u00e9 o momento, est\u00e1 mantida a orienta\u00e7\u00e3o para ler ainda nesta tarde o parecer do colegiado favor\u00e1vel \u00e0 continuidade do procedimento contra Dilma.<\/h3>\n<h3 style=\"text-align: justify;\">A leitura deste parecer abre prazo para que o julgamento do impeachment seja feito nesta quarta-feira e para que a petista possa ser afastada por at\u00e9 180 dias.<em>(Laryssa Borges, de Bras\u00edlia)<\/em><\/h3>\n","protected":false},"excerpt":{"rendered":"<p>O presidente do Senado, Renan Calheiros (PMDB-AL), convocou l\u00edderes partid\u00e1rios e senadores para uma reuni\u00e3o de emerg\u00eancia na tarde desta segunda-feira para discutir a decis\u00e3o do presidente interino da C\u00e2mara Waldir Maranh\u00e3o (PP-MA), que anulou sess\u00e3o do impeachment. A tend\u00eancia \u00e9 que Renan n\u00e3o acolha a determina\u00e7\u00e3o por considerar n\u00e3o haver base jur\u00eddica no despacho [&hellip;]<\/p>\n","protected":false},"author":2,"featured_media":0,"comment_status":"open","ping_status":"open","sticky":false,"template":"","format":"standard","meta":{"_links_to":"","_links_to_target":""},"categories":[1],"tags":[],"_links":{"self":[{"href":"https:\/\/www.blogdotarugao.com.br\/v1\/wp-json\/wp\/v2\/posts\/59659"}],"collection":[{"href":"https:\/\/www.blogdotarugao.com.br\/v1\/wp-json\/wp\/v2\/posts"}],"about":[{"href":"https:\/\/www.blogdotarugao.com.br\/v1\/wp-json\/wp\/v2\/types\/post"}],"author":[{"embeddable":true,"href":"https:\/\/www.blogdotarugao.com.br\/v1\/wp-json\/wp\/v2\/users\/2"}],"replies":[{"embeddable":true,"href":"https:\/\/www.blogdotarugao.com.br\/v1\/wp-json\/wp\/v2\/comments?post=59659"}],"version-history":[{"count":1,"href":"https:\/\/www.blogdotarugao.com.br\/v1\/wp-json\/wp\/v2\/posts\/59659\/revisions"}],"predecessor-version":[{"id":59661,"href":"https:\/\/www.blogdotarugao.com.br\/v1\/wp-json\/wp\/v2\/posts\/59659\/revisions\/59661"}],"wp:attachment":[{"href":"https:\/\/www.blogdotarugao.com.br\/v1\/wp-json\/wp\/v2\/media?parent=59659"}],"wp:term":[{"taxonomy":"category","embeddable":true,"href":"https:\/\/www.blogdotarugao.com.br\/v1\/wp-json\/wp\/v2\/categories?post=59659"},{"taxonomy":"post_tag","embeddable":true,"href":"https:\/\/www.blogdotarugao.com.br\/v1\/wp-json\/wp\/v2\/tags?post=59659"}],"curies":[{"name":"wp","href":"https:\/\/api.w.org\/{rel}","templated":true}]}}