{"id":59753,"date":"2016-05-10T13:06:50","date_gmt":"2016-05-10T16:06:50","guid":{"rendered":"http:\/\/www.blogdotarugao.com.br\/v1\/?p=59753"},"modified":"2016-05-10T13:06:50","modified_gmt":"2016-05-10T16:06:50","slug":"calado-e-um-poeta-apos-ato-polemico-maranhao-entra-na-camara-e-fica-calado","status":"publish","type":"post","link":"https:\/\/www.blogdotarugao.com.br\/v1\/2016\/05\/10\/calado-e-um-poeta-apos-ato-polemico-maranhao-entra-na-camara-e-fica-calado\/","title":{"rendered":"CALADO \u00c9 UM POETA! AP\u00d3S ATO POL\u00caMICO, MARANH\u00c3O ENTRA NA C\u00c2MARA E FICA CALADO"},"content":{"rendered":"<h3 style=\"text-align: justify;\"><img loading=\"lazy\" class=\"  wp-image-59754 alignleft\" src=\"http:\/\/www.blogdotarugao.com.br\/v1\/wp-content\/uploads\/2016\/05\/WALDIR-NA-C\u00c2MARA.jpg\" alt=\"WALDIR NA C\u00c2MARA\" width=\"585\" height=\"351\" srcset=\"https:\/\/www.blogdotarugao.com.br\/v1\/wp-content\/uploads\/2016\/05\/WALDIR-NA-C\u00c2MARA.jpg 800w, https:\/\/www.blogdotarugao.com.br\/v1\/wp-content\/uploads\/2016\/05\/WALDIR-NA-C\u00c2MARA-300x180.jpg 300w\" sizes=\"(max-width: 585px) 100vw, 585px\" \/>O presidente interino da C\u00e2mara, Waldir Maranh\u00e3o (PP-MA), que na segunda-feira (9) concedeu e, depois, com a repercuss\u00e3o negativa, revogou decis\u00e3o de anular a vota\u00e7\u00e3o da admissibilidade do impeachment na Casa, chegou \u00e0 C\u00e2mara dos Deputados \u00e0s 9h30 desta ter\u00e7a-feira (10), sem qualquer declara\u00e7\u00e3o sobre sua atitude.<\/h3>\n<h3 style=\"text-align: justify;\">De acordo com O Globo, Maranh\u00e3o s\u00f3 se pronunciou para avisar \u00e0 imprensa que n\u00e3o daria declara\u00e7\u00f5es. Ele entrou pela chapelaria da Casa, usou o elevador privativo de deputados para acessar o Sal\u00e3o Verde, e em vez de se dirigir ao gabinete da Presid\u00eancia da C\u00e2mara, encaminhou-se para o gabinete da Vice-Presid\u00eancia.<\/h3>\n","protected":false},"excerpt":{"rendered":"<p>O presidente interino da C\u00e2mara, Waldir Maranh\u00e3o (PP-MA), que na segunda-feira (9) concedeu e, depois, com a repercuss\u00e3o negativa, revogou decis\u00e3o de anular a vota\u00e7\u00e3o da admissibilidade do impeachment na Casa, chegou \u00e0 C\u00e2mara dos Deputados \u00e0s 9h30 desta ter\u00e7a-feira (10), sem qualquer declara\u00e7\u00e3o sobre sua atitude. De acordo com O Globo, Maranh\u00e3o s\u00f3 se [&hellip;]<\/p>\n","protected":false},"author":2,"featured_media":0,"comment_status":"open","ping_status":"open","sticky":false,"template":"","format":"standard","meta":{"_links_to":"","_links_to_target":""},"categories":[1],"tags":[],"_links":{"self":[{"href":"https:\/\/www.blogdotarugao.com.br\/v1\/wp-json\/wp\/v2\/posts\/59753"}],"collection":[{"href":"https:\/\/www.blogdotarugao.com.br\/v1\/wp-json\/wp\/v2\/posts"}],"about":[{"href":"https:\/\/www.blogdotarugao.com.br\/v1\/wp-json\/wp\/v2\/types\/post"}],"author":[{"embeddable":true,"href":"https:\/\/www.blogdotarugao.com.br\/v1\/wp-json\/wp\/v2\/users\/2"}],"replies":[{"embeddable":true,"href":"https:\/\/www.blogdotarugao.com.br\/v1\/wp-json\/wp\/v2\/comments?post=59753"}],"version-history":[{"count":1,"href":"https:\/\/www.blogdotarugao.com.br\/v1\/wp-json\/wp\/v2\/posts\/59753\/revisions"}],"predecessor-version":[{"id":59755,"href":"https:\/\/www.blogdotarugao.com.br\/v1\/wp-json\/wp\/v2\/posts\/59753\/revisions\/59755"}],"wp:attachment":[{"href":"https:\/\/www.blogdotarugao.com.br\/v1\/wp-json\/wp\/v2\/media?parent=59753"}],"wp:term":[{"taxonomy":"category","embeddable":true,"href":"https:\/\/www.blogdotarugao.com.br\/v1\/wp-json\/wp\/v2\/categories?post=59753"},{"taxonomy":"post_tag","embeddable":true,"href":"https:\/\/www.blogdotarugao.com.br\/v1\/wp-json\/wp\/v2\/tags?post=59753"}],"curies":[{"name":"wp","href":"https:\/\/api.w.org\/{rel}","templated":true}]}}