{"id":60350,"date":"2016-05-17T06:55:50","date_gmt":"2016-05-17T09:55:50","guid":{"rendered":"http:\/\/www.blogdotarugao.com.br\/v1\/?p=60350"},"modified":"2016-05-17T06:55:50","modified_gmt":"2016-05-17T09:55:50","slug":"o-senado-e-presidido-por-um-cangaceiro-dispara-delcidio-sobre-renan-calheiros","status":"publish","type":"post","link":"https:\/\/www.blogdotarugao.com.br\/v1\/2016\/05\/17\/o-senado-e-presidido-por-um-cangaceiro-dispara-delcidio-sobre-renan-calheiros\/","title":{"rendered":"O Senado \u00e9 presidido por um cangaceiro, dispara Delc\u00eddio sobre Renan Calheiros"},"content":{"rendered":"<header>\n<h3 class=\"titulo-interna\" style=\"text-align: justify;\"><img loading=\"lazy\" class=\"  wp-image-60351 alignleft\" src=\"http:\/\/www.blogdotarugao.com.br\/v1\/wp-content\/uploads\/2016\/05\/Delc\u00eddio11.jpg\" alt=\"Delc\u00eddio11\" width=\"585\" height=\"326\" srcset=\"https:\/\/www.blogdotarugao.com.br\/v1\/wp-content\/uploads\/2016\/05\/Delc\u00eddio11.jpg 800w, https:\/\/www.blogdotarugao.com.br\/v1\/wp-content\/uploads\/2016\/05\/Delc\u00eddio11-300x167.jpg 300w\" sizes=\"(max-width: 585px) 100vw, 585px\" \/>Ainda ressentido pelo processo de cassa\u00e7\u00e3o do seu mandato de senador da Rep\u00fablica, Delc\u00eddio do Amaral (sem partido &#8211; MS) criticou a condu\u00e7\u00e3o dos trabalhos sobre a quest\u00e3o e a postura do presidente da Casa, Renan Calheiros (PMDB-AL). \u201cO Senado \u00e9 presidido por um cangaceiro, Renan Calheiros. Ele tem rela\u00e7\u00f5es conden\u00e1veis\u201d, afirmou em entrevista ao programa Roda Viva, na TV Cultura nesta segunda-feira (16).<\/h3>\n<\/header>\n<div class=\"editor clearfix\">\n<h3 style=\"text-align: justify;\">\u201cEstava com cirurgia marcada no Hospital S\u00edrio Liban\u00eas e diziam que eu estava me escondendo atr\u00e1s de licen\u00e7a m\u00e9dica. N\u00e3o tive acesso ao aditamento da minha den\u00fancia. Ele ainda demitiu meu chefe de gabinete e o assessor de comunica\u00e7\u00e3o\u201d, acrescentou.<\/h3>\n<h3 style=\"text-align: justify;\">Delc\u00eddio se emocionou ao falar da carta que sua filha publicou no Facebook detalhando as consequ\u00eancias desastrosas da sua pris\u00e3o para a fam\u00edlia. Aos jornalistas, ele contou como o governo do PT aparelhou a Petrobras para o esquema de pagamento de propinas e desvio de dinheiro.<\/h3>\n<h3 style=\"text-align: justify;\">\u201cA diferen\u00e7a para os presidentes anteriores \u00e9 que come\u00e7ou a haver participa\u00e7\u00e3o sist\u00eamica e partid\u00e1ria\u201d. Ele lembrou que, pela experi\u00eancia que tinha como executivo da Petrobras e Eletrobras, foi consultado pelo ex-presidente Lula sobre indica\u00e7\u00f5es de alguns cargos.<\/h3>\n<h3 style=\"text-align: justify;\">\u201cA Lava Jato est\u00e1 passando o Brasil a limpo, mas est\u00e1 faltando pegar o n\u00facleo pol\u00edtico, o pessoal do andar de cima. No Mensal\u00e3o, n\u00e3o contaminamos o pa\u00eds. O pa\u00eds continuou a andar\u201d, confessou.<\/h3>\n<h3 style=\"text-align: justify;\">Enquanto l\u00edder do governo no Senado, Delc\u00eddio disse ter alertado a presidente Dilma Rousseff (PT) por diversas vezes que as investiga\u00e7\u00f5es da Pol\u00edcia Federal afetariam o Pal\u00e1cio do Planalto, mas afirmou que ela foi aconselhada pelo ex-ministro Mercadante a ignorar a quest\u00e3o. \u201cEle dizia que a Lava Jato chegaria at\u00e9 ao presidente Lula, mas n\u00e3o a tocaria. A estrat\u00e9gia inicial era deixar o trem andar, mas quando a \u00e1gua chegou no pesco\u00e7o come\u00e7ou a obstru\u00e7\u00e3o de Justi\u00e7a\u201d, relatou. \u201cO impeachment \u00e9 s\u00f3 a pedalada? O pano de fundo \u00e9 a Lava Jato. A pedalada \u00e9 s\u00f3 uma das quest\u00f5es\u201d.<\/h3>\n<h3 style=\"text-align: justify;\">Delc\u00eddio ainda fez progn\u00f3sticos sobre os destinos do Partido dos Trabalhadores, do ex-presidente Lula e da presidente afastada Dilma Rousseff.<\/h3>\n<h3 style=\"text-align: justify;\">\u201cEla n\u00e3o vota mais. Vai para a aposentadoria. Perdeu as condi\u00e7\u00f5es pol\u00edticas de governo. O PT \u00e9 forte org\u00e2nico, mas perdeu seu brilho e precisa fazer uma revis\u00e3o. Tem que ter humildade. Rui Falc\u00e3o \u00e9 uma figura bizarra, n\u00e3o tem dimens\u00e3o para comandar o partido. Lula sai muito desgastado desse processo. Acho dif\u00edcil uma candidatura competitiva. Ele n\u00e3o \u00e9 mais o principal candidato, o cerco se fechou, a situa\u00e7\u00e3o dele \u00e9 cr\u00edtica.<\/h3>\n<h3 style=\"text-align: justify;\">Tamb\u00e9m n\u00e3o faltaram cr\u00edticas ao presidente em exerc\u00edcio Michel Temer (PMDB). \u201cTem um grande desafio pela frente, mas alguns ministros que est\u00e3o assumindo s\u00e3o fraquinhos, a exemplo do de Minas e Energia, \u00e1rea que eu conhe\u00e7o bem. Tem que colocar gente que saiba. Temos que torcer para que d\u00ea certo. Temer n\u00e3o tem base nenhuma social. Ele vai precisar de coragem para tomar medidas dur\u00edssimas\u201d, concluiu.<\/h3>\n<\/div>\n","protected":false},"excerpt":{"rendered":"<p>Ainda ressentido pelo processo de cassa\u00e7\u00e3o do seu mandato de senador da Rep\u00fablica, Delc\u00eddio do Amaral (sem partido &#8211; MS) criticou a condu\u00e7\u00e3o dos trabalhos sobre a quest\u00e3o e a postura do presidente da Casa, Renan Calheiros (PMDB-AL). \u201cO Senado \u00e9 presidido por um cangaceiro, Renan Calheiros. Ele tem rela\u00e7\u00f5es conden\u00e1veis\u201d, afirmou em entrevista ao [&hellip;]<\/p>\n","protected":false},"author":2,"featured_media":0,"comment_status":"open","ping_status":"open","sticky":false,"template":"","format":"standard","meta":{"_links_to":"","_links_to_target":""},"categories":[1],"tags":[],"_links":{"self":[{"href":"https:\/\/www.blogdotarugao.com.br\/v1\/wp-json\/wp\/v2\/posts\/60350"}],"collection":[{"href":"https:\/\/www.blogdotarugao.com.br\/v1\/wp-json\/wp\/v2\/posts"}],"about":[{"href":"https:\/\/www.blogdotarugao.com.br\/v1\/wp-json\/wp\/v2\/types\/post"}],"author":[{"embeddable":true,"href":"https:\/\/www.blogdotarugao.com.br\/v1\/wp-json\/wp\/v2\/users\/2"}],"replies":[{"embeddable":true,"href":"https:\/\/www.blogdotarugao.com.br\/v1\/wp-json\/wp\/v2\/comments?post=60350"}],"version-history":[{"count":0,"href":"https:\/\/www.blogdotarugao.com.br\/v1\/wp-json\/wp\/v2\/posts\/60350\/revisions"}],"wp:attachment":[{"href":"https:\/\/www.blogdotarugao.com.br\/v1\/wp-json\/wp\/v2\/media?parent=60350"}],"wp:term":[{"taxonomy":"category","embeddable":true,"href":"https:\/\/www.blogdotarugao.com.br\/v1\/wp-json\/wp\/v2\/categories?post=60350"},{"taxonomy":"post_tag","embeddable":true,"href":"https:\/\/www.blogdotarugao.com.br\/v1\/wp-json\/wp\/v2\/tags?post=60350"}],"curies":[{"name":"wp","href":"https:\/\/api.w.org\/{rel}","templated":true}]}}