{"id":60359,"date":"2016-05-17T11:45:12","date_gmt":"2016-05-17T14:45:12","guid":{"rendered":"http:\/\/www.blogdotarugao.com.br\/v1\/?p=60359"},"modified":"2016-05-17T11:45:12","modified_gmt":"2016-05-17T14:45:12","slug":"em-depoimento-major-que-matou-esposa-chora-e-diz-que-esta-arrependido","status":"publish","type":"post","link":"https:\/\/www.blogdotarugao.com.br\/v1\/2016\/05\/17\/em-depoimento-major-que-matou-esposa-chora-e-diz-que-esta-arrependido\/","title":{"rendered":"Em depoimento, major que matou esposa chora e diz que est\u00e1 arrependido"},"content":{"rendered":"<header class=\"single-title\">\n<h3 style=\"text-align: justify;\">Valdi\u00f3genes Almeida Junior prestou depoimento nesta segunda-feira<\/h3>\n<\/header>\n<section class=\"post_content content-noticias clearfix\"><img loading=\"lazy\" class=\"aligncenter  wp-image-60194\" src=\"http:\/\/www.blogdotarugao.com.br\/v1\/wp-content\/uploads\/2016\/05\/major.jpg\" alt=\"major\" width=\"585\" height=\"385\" srcset=\"https:\/\/www.blogdotarugao.com.br\/v1\/wp-content\/uploads\/2016\/05\/major.jpg 620w, https:\/\/www.blogdotarugao.com.br\/v1\/wp-content\/uploads\/2016\/05\/major-300x197.jpg 300w\" sizes=\"(max-width: 585px) 100vw, 585px\" \/><\/p>\n<h3 style=\"text-align: justify;\">O major Valdi\u00f3genes Almeida Junior, que matou a mulher, a professora Sandra Denise Costa Alfonso, 40 anos, na \u00faltima sexta-feira (13), chorou durante o depoimento no Departamento de Homic\u00eddios e Prote\u00e7\u00e3o \u00e0 Pessoa (DHPP) e garantiu que est\u00e1 arrependido. Ele confirmou ainda que utilizou um aplicativo espi\u00e3o para ter acesso \u00e0s mensagens de texto que a mulher recebia.<\/h3>\n<h3 style=\"text-align: justify;\">O criminoso foi interrogado pelos delegados Marcelo Sans\u00e3o, coordenador da 2\u00aa Delegacia de Homic\u00eddios (DH\/Central), e Jos\u00e9 Bezerra, diretor do DHPP, por cerca de cinco horas nesta segunda-feira (16).<\/h3>\n<h3 style=\"text-align: justify;\">Vale citar que o advogado do major, S\u00e9rgio Reis, disse que n\u00e3o havia a necessidade de pris\u00e3o em flagrante. \u201cN\u00e3o vejo a necessidade da pris\u00e3o em flagrante porque assim que cometeu o crime, o major foi apresentado \u00e0 pol\u00edcia. Para ser flagrante, tinha que ter havido uma busca ao major, o que n\u00e3o aconteceu\u201d, afirmou.<\/h3>\n<\/section>\n","protected":false},"excerpt":{"rendered":"<p>Valdi\u00f3genes Almeida Junior prestou depoimento nesta segunda-feira O major Valdi\u00f3genes Almeida Junior, que matou a mulher, a professora Sandra Denise Costa Alfonso, 40 anos, na \u00faltima sexta-feira (13), chorou durante o depoimento no Departamento de Homic\u00eddios e Prote\u00e7\u00e3o \u00e0 Pessoa (DHPP) e garantiu que est\u00e1 arrependido. Ele confirmou ainda que utilizou um aplicativo espi\u00e3o para [&hellip;]<\/p>\n","protected":false},"author":2,"featured_media":0,"comment_status":"open","ping_status":"open","sticky":false,"template":"","format":"standard","meta":{"_links_to":"","_links_to_target":""},"categories":[1],"tags":[],"_links":{"self":[{"href":"https:\/\/www.blogdotarugao.com.br\/v1\/wp-json\/wp\/v2\/posts\/60359"}],"collection":[{"href":"https:\/\/www.blogdotarugao.com.br\/v1\/wp-json\/wp\/v2\/posts"}],"about":[{"href":"https:\/\/www.blogdotarugao.com.br\/v1\/wp-json\/wp\/v2\/types\/post"}],"author":[{"embeddable":true,"href":"https:\/\/www.blogdotarugao.com.br\/v1\/wp-json\/wp\/v2\/users\/2"}],"replies":[{"embeddable":true,"href":"https:\/\/www.blogdotarugao.com.br\/v1\/wp-json\/wp\/v2\/comments?post=60359"}],"version-history":[{"count":1,"href":"https:\/\/www.blogdotarugao.com.br\/v1\/wp-json\/wp\/v2\/posts\/60359\/revisions"}],"predecessor-version":[{"id":60360,"href":"https:\/\/www.blogdotarugao.com.br\/v1\/wp-json\/wp\/v2\/posts\/60359\/revisions\/60360"}],"wp:attachment":[{"href":"https:\/\/www.blogdotarugao.com.br\/v1\/wp-json\/wp\/v2\/media?parent=60359"}],"wp:term":[{"taxonomy":"category","embeddable":true,"href":"https:\/\/www.blogdotarugao.com.br\/v1\/wp-json\/wp\/v2\/categories?post=60359"},{"taxonomy":"post_tag","embeddable":true,"href":"https:\/\/www.blogdotarugao.com.br\/v1\/wp-json\/wp\/v2\/tags?post=60359"}],"curies":[{"name":"wp","href":"https:\/\/api.w.org\/{rel}","templated":true}]}}