{"id":60407,"date":"2016-05-17T20:17:03","date_gmt":"2016-05-17T23:17:03","guid":{"rendered":"http:\/\/www.blogdotarugao.com.br\/v1\/?p=60407"},"modified":"2016-05-17T20:17:03","modified_gmt":"2016-05-17T23:17:03","slug":"em-brasilia-acm-neto-visita-tres-ministerios","status":"publish","type":"post","link":"https:\/\/www.blogdotarugao.com.br\/v1\/2016\/05\/17\/em-brasilia-acm-neto-visita-tres-ministerios\/","title":{"rendered":"Em Bras\u00edlia, ACM Neto visita tr\u00eas minist\u00e9rios"},"content":{"rendered":"<div class=\"box-title\">\n<h3 style=\"text-align: justify;\"><img loading=\"lazy\" class=\"  wp-image-60408 alignleft\" src=\"http:\/\/www.blogdotarugao.com.br\/v1\/wp-content\/uploads\/2016\/05\/ACM-Geddel.jpg\" alt=\"ACM Geddel\" width=\"585\" height=\"431\" srcset=\"https:\/\/www.blogdotarugao.com.br\/v1\/wp-content\/uploads\/2016\/05\/ACM-Geddel.jpg 380w, https:\/\/www.blogdotarugao.com.br\/v1\/wp-content\/uploads\/2016\/05\/ACM-Geddel-300x221.jpg 300w\" sizes=\"(max-width: 585px) 100vw, 585px\" \/>O prefeito ACM Neto (DEM) visitou tr\u00eas ministros nesta ter\u00e7a-feira (17), durante agenda em Bras\u00edlia. O gestor se reuniu com o ministro Geddel Vieira Lima (Secretaria de Governo) para discutir projetos para a capital baiana e logo depois foi at\u00e9 o Minist\u00e9rio da Fazenda para levar ao ministro Henrique Meirelles a proposta de financiamento de US$ 105 milh\u00f5es do Banco Interamericano de Desenvolvimento (BID), por interm\u00e9dio do Programa de Desenvolvimento do Turismo (Prodetur).<\/h3>\n<\/div>\n<h3 style=\"text-align: justify;\">\u201cFiquei muito entusiasmado com a receptividade e estou confiante que todos os projetos que n\u00f3s pensamos com o financiamento ser\u00e3o executados\u201d, avaliou o prefeito. Ap\u00f3s o encontro com Meirelles, ACM Neto esteve com o ministro da Sa\u00fade, Ricardo Barros. Na pauta, a apresenta\u00e7\u00e3o de proposta de saneamento do d\u00e9ficit de servi\u00e7os m\u00e9dicos e hospitalares de m\u00e9dia e alta complexidade, que, at\u00e9 o ano passado, era de R$170 milh\u00f5es.<\/h3>\n<h3 style=\"text-align: justify;\">O prefeito tamb\u00e9m solicitou a habilita\u00e7\u00e3o e qualifica\u00e7\u00e3o de quatro UPAs: S\u00e3o Crist\u00f3v\u00e3o (j\u00e1 constru\u00edda), Brotas, Paripe e Piraj\u00e1, que ser\u00e3o inauguradas nas pr\u00f3ximas semanas. Antes de retornar \u00e0 capital baiana, Neto deve mais uma audi\u00eancia. Na manh\u00e3 desta quarta (18), ele vai se reunir com o ministro Bruno Ara\u00fajo (Cidades).<\/h3>\n","protected":false},"excerpt":{"rendered":"<p>O prefeito ACM Neto (DEM) visitou tr\u00eas ministros nesta ter\u00e7a-feira (17), durante agenda em Bras\u00edlia. O gestor se reuniu com o ministro Geddel Vieira Lima (Secretaria de Governo) para discutir projetos para a capital baiana e logo depois foi at\u00e9 o Minist\u00e9rio da Fazenda para levar ao ministro Henrique Meirelles a proposta de financiamento de [&hellip;]<\/p>\n","protected":false},"author":2,"featured_media":0,"comment_status":"open","ping_status":"open","sticky":false,"template":"","format":"standard","meta":{"_links_to":"","_links_to_target":""},"categories":[1],"tags":[],"_links":{"self":[{"href":"https:\/\/www.blogdotarugao.com.br\/v1\/wp-json\/wp\/v2\/posts\/60407"}],"collection":[{"href":"https:\/\/www.blogdotarugao.com.br\/v1\/wp-json\/wp\/v2\/posts"}],"about":[{"href":"https:\/\/www.blogdotarugao.com.br\/v1\/wp-json\/wp\/v2\/types\/post"}],"author":[{"embeddable":true,"href":"https:\/\/www.blogdotarugao.com.br\/v1\/wp-json\/wp\/v2\/users\/2"}],"replies":[{"embeddable":true,"href":"https:\/\/www.blogdotarugao.com.br\/v1\/wp-json\/wp\/v2\/comments?post=60407"}],"version-history":[{"count":1,"href":"https:\/\/www.blogdotarugao.com.br\/v1\/wp-json\/wp\/v2\/posts\/60407\/revisions"}],"predecessor-version":[{"id":60409,"href":"https:\/\/www.blogdotarugao.com.br\/v1\/wp-json\/wp\/v2\/posts\/60407\/revisions\/60409"}],"wp:attachment":[{"href":"https:\/\/www.blogdotarugao.com.br\/v1\/wp-json\/wp\/v2\/media?parent=60407"}],"wp:term":[{"taxonomy":"category","embeddable":true,"href":"https:\/\/www.blogdotarugao.com.br\/v1\/wp-json\/wp\/v2\/categories?post=60407"},{"taxonomy":"post_tag","embeddable":true,"href":"https:\/\/www.blogdotarugao.com.br\/v1\/wp-json\/wp\/v2\/tags?post=60407"}],"curies":[{"name":"wp","href":"https:\/\/api.w.org\/{rel}","templated":true}]}}