{"id":60442,"date":"2016-05-18T09:43:53","date_gmt":"2016-05-18T12:43:53","guid":{"rendered":"http:\/\/www.blogdotarugao.com.br\/v1\/?p=60442"},"modified":"2016-05-18T09:43:53","modified_gmt":"2016-05-18T12:43:53","slug":"processo-de-impeachment-no-senado-pode-terminar-antes-de-outubro-diz-lira","status":"publish","type":"post","link":"https:\/\/www.blogdotarugao.com.br\/v1\/2016\/05\/18\/processo-de-impeachment-no-senado-pode-terminar-antes-de-outubro-diz-lira\/","title":{"rendered":"Processo de impeachment no Senado pode terminar antes de outubro, diz Lira"},"content":{"rendered":"<header>\n<h3 class=\"titulo-interna\" style=\"text-align: justify;\"><img loading=\"lazy\" class=\"  wp-image-60444 alignleft\" src=\"http:\/\/www.blogdotarugao.com.br\/v1\/wp-content\/uploads\/2016\/05\/Lira.jpg\" alt=\"Lira\" width=\"584\" height=\"387\" srcset=\"https:\/\/www.blogdotarugao.com.br\/v1\/wp-content\/uploads\/2016\/05\/Lira.jpg 800w, https:\/\/www.blogdotarugao.com.br\/v1\/wp-content\/uploads\/2016\/05\/Lira-300x199.jpg 300w\" sizes=\"(max-width: 584px) 100vw, 584px\" \/>O presidente da Comiss\u00e3o Especial Impeachment do Senado, Raimundo Lira (PMDB-PB), informou hoje (17), ap\u00f3s reuni\u00e3o com o presidente do Supremo Tribunal Federal (STF), Ricardo Lewandowski, que vai apresentar na pr\u00f3xima ter\u00e7a-feira (24) o cronograma de trabalho da segunda fase do processo de afastamento da presidenta Dilma Rousseff. Nessa fase ser\u00e1 analisado o m\u00e9rito da den\u00fancia.<\/h3>\n<\/header>\n<div class=\"editor clearfix\">\n<h3 style=\"text-align: justify;\">De acordo com Lira, a inten\u00e7\u00e3o \u00e9 que o julgamento final da presidenta Dilma ocorra antes das elei\u00e7\u00f5es municipais de outubro, portanto, antes do prazo de 180 dias em que a presidenta poder\u00e1 ficar afastada do governo. O calend\u00e1rio, no entanto, n\u00e3o \u00e9 fixo. Isso porque a cada tomada de decis\u00e3o da comiss\u00e3o pode haver a apresenta\u00e7\u00e3o de recursos ao presidente do STF.<\/h3>\n<h3 style=\"text-align: justify;\">Segundo o rito que est\u00e1 sendo usado, o mesmo que culminou com o impeachment do ex-presidente Fernando Collor de Mello, a cada decis\u00e3o do colegiado, as partes interessadas ter\u00e3o cinco dias para apresentar recurso questionando a decis\u00e3o.<\/h3>\n<h3 style=\"text-align: justify;\">\u201cEle [o prazo] n\u00e3o pode ser curto a ponto de prejudicar a defesa da presidente da Rep\u00fablica nem t\u00e3o longo que crie dois problemas para o pa\u00eds: o primeiro \u00e9 que coincidiria com o per\u00edodo das elei\u00e7\u00f5es municipais; o segundo que criaria uma ansiedade por parte da sociedade. N\u00e3o vamos encurtar a ponto de parecer, de dar a impress\u00e3o de a\u00e7odamento, nem vamos alongar a ponto de criar dificuldades para o pa\u00eds\u201d, disse Lira.<\/h3>\n<h3 style=\"text-align: justify;\">O relator da comiss\u00e3o especial, Antonio Anastasia (PSDB-MG), \u00a0ressaltou que n\u00e3o h\u00e1 como definir prazo para apresenta\u00e7\u00e3o do parecer de pron\u00fancia. \u00a0\u201cAt\u00e9 agora, na primeira fase, tivemos os\u00a0ind\u00edcios. Agora, v\u00e3o ser discutidas as provas. O processo come\u00e7a agora. Ainda que haja novos argumentos, agora que \u00e9 a fase formal de provas. Se, porventura, essa fase for ultrapassada, se a pron\u00fancia for aceita, vamos ter uma fase tr\u00eas, que \u00e9 o julgamento. E, novamente, as testemunhas ser\u00e3o ouvidas as alega\u00e7\u00f5es outras vezes. \u00c9 um rito complexo, que estamos obedecendo fielmente\u201d, disse.<!--more--><\/h3>\n<h3 style=\"text-align: justify;\">Na fase de pron\u00fancia ocorrer\u00e1 a produ\u00e7\u00e3o de provas e de alega\u00e7\u00f5es e vai culminar com o parecer da pron\u00fancia, que entender\u00e1 se houve ou se n\u00e3o houve o crime de responsabilidade. Esse parecer ser\u00e1 votado pela comiss\u00e3o e, se aprovado pela comiss\u00e3o, ser\u00e1 votado pelo plen\u00e1rio.<\/h3>\n<h3 style=\"text-align: justify;\"><\/h3>\n<h3 style=\"text-align: justify;\">Fonte: Ag\u00eancia Brasil<\/h3>\n<\/div>\n<p>&nbsp;<\/p>\n","protected":false},"excerpt":{"rendered":"<p>O presidente da Comiss\u00e3o Especial Impeachment do Senado, Raimundo Lira (PMDB-PB), informou hoje (17), ap\u00f3s reuni\u00e3o com o presidente do Supremo Tribunal Federal (STF), Ricardo Lewandowski, que vai apresentar na pr\u00f3xima ter\u00e7a-feira (24) o cronograma de trabalho da segunda fase do processo de afastamento da presidenta Dilma Rousseff. Nessa fase ser\u00e1 analisado o m\u00e9rito da [&hellip;]<\/p>\n","protected":false},"author":2,"featured_media":0,"comment_status":"open","ping_status":"open","sticky":false,"template":"","format":"standard","meta":{"_links_to":"","_links_to_target":""},"categories":[1],"tags":[],"_links":{"self":[{"href":"https:\/\/www.blogdotarugao.com.br\/v1\/wp-json\/wp\/v2\/posts\/60442"}],"collection":[{"href":"https:\/\/www.blogdotarugao.com.br\/v1\/wp-json\/wp\/v2\/posts"}],"about":[{"href":"https:\/\/www.blogdotarugao.com.br\/v1\/wp-json\/wp\/v2\/types\/post"}],"author":[{"embeddable":true,"href":"https:\/\/www.blogdotarugao.com.br\/v1\/wp-json\/wp\/v2\/users\/2"}],"replies":[{"embeddable":true,"href":"https:\/\/www.blogdotarugao.com.br\/v1\/wp-json\/wp\/v2\/comments?post=60442"}],"version-history":[{"count":1,"href":"https:\/\/www.blogdotarugao.com.br\/v1\/wp-json\/wp\/v2\/posts\/60442\/revisions"}],"predecessor-version":[{"id":60443,"href":"https:\/\/www.blogdotarugao.com.br\/v1\/wp-json\/wp\/v2\/posts\/60442\/revisions\/60443"}],"wp:attachment":[{"href":"https:\/\/www.blogdotarugao.com.br\/v1\/wp-json\/wp\/v2\/media?parent=60442"}],"wp:term":[{"taxonomy":"category","embeddable":true,"href":"https:\/\/www.blogdotarugao.com.br\/v1\/wp-json\/wp\/v2\/categories?post=60442"},{"taxonomy":"post_tag","embeddable":true,"href":"https:\/\/www.blogdotarugao.com.br\/v1\/wp-json\/wp\/v2\/tags?post=60442"}],"curies":[{"name":"wp","href":"https:\/\/api.w.org\/{rel}","templated":true}]}}