{"id":60445,"date":"2016-05-18T12:03:04","date_gmt":"2016-05-18T15:03:04","guid":{"rendered":"http:\/\/www.blogdotarugao.com.br\/v1\/?p=60445"},"modified":"2016-05-18T13:09:56","modified_gmt":"2016-05-18T16:09:56","slug":"corpo-de-camila-sera-velado-em-itapetinga","status":"publish","type":"post","link":"https:\/\/www.blogdotarugao.com.br\/v1\/2016\/05\/18\/corpo-de-camila-sera-velado-em-itapetinga\/","title":{"rendered":"CORPO DE CAMILA CUNHA, EX-COORDENADORA DA AZAL\u00c9IA SER\u00c1 VELADO EM ITAPETINGA"},"content":{"rendered":"<p><img loading=\"lazy\" class=\"  wp-image-60446 alignleft\" src=\"http:\/\/www.blogdotarugao.com.br\/v1\/wp-content\/uploads\/2016\/05\/Camila-Cunha.jpg\" alt=\"Camila Cunha\" width=\"585\" height=\"351\" srcset=\"https:\/\/www.blogdotarugao.com.br\/v1\/wp-content\/uploads\/2016\/05\/Camila-Cunha.jpg 500w, https:\/\/www.blogdotarugao.com.br\/v1\/wp-content\/uploads\/2016\/05\/Camila-Cunha-300x180.jpg 300w\" sizes=\"(max-width: 585px) 100vw, 585px\" \/><\/p>\n<h3 style=\"text-align: justify;\">O Corpo da \u00a0jovem Camila Cordeiro Cunha de 33 Anos, que infelizmente perdeu sua vida em um tr\u00e1gico acidente ocorrido na manh\u00e3 desta quarta (18) pr\u00f3ximo ao Hospital de Base em Vit\u00f3ria da Conquista, ser\u00e1 velado em Itapetinga-Ba.<\/h3>\n<h3 style=\"text-align: justify;\">A Jovem Camila Cunha, que trafegava em uma motocicleta Honda\/Biz 150 de cor Branca pela Avenida Deputado Ulisses, emparelhou com um Caminh\u00e3o e ao tentar ultrapassar, perdeu o controle, bateu no meio fio e infelizmente caiu.<\/h3>\n<h3 style=\"text-align: justify;\">Na queda uma das rodas do Caminh\u00e3o acabou atingindo a Jovem, Camila cunha que infelizmente, acabou tento morte instant\u00e2nea.<\/h3>\n<h3 style=\"text-align: justify;\">O motorista nada pode fazer e mesmo com o uso do capacete afivelado, Camila Cunha acabou perdendo sua Vida.<\/h3>\n<h3 style=\"text-align: justify;\">Camila trabalhou por v\u00e1rios anos na Azal\u00e9ia onde fez muitas amizade e tamb\u00e9m era muito querida.<\/h3>\n<h3 style=\"text-align: justify;\">Ap\u00f3s sair da Azal\u00e9ia ela se mudou para Vit\u00f3ria da Conquista onde trabalhava e estudava.<\/h3>\n<h3 id=\"yui_3_17_2_3_1426681039236_1939\" class=\"Fz-24 Fw-300 Mb-10\" style=\"text-align: justify;\">\u201cDisse-lhe Jesus: EU SOU A RESSURREI\u00c7\u00c3O E A VIDA; quem cr\u00ea em mim, ainda que esteja morto, viver\u00e1.\u201d<\/h3>\n<h3 class=\"Fz-24 Fw-300 Mb-10\" style=\"text-align: justify;\">Descanse em Paz, Camila Cunha!<\/h3>\n","protected":false},"excerpt":{"rendered":"<p>O Corpo da \u00a0jovem Camila Cordeiro Cunha de 33 Anos, que infelizmente perdeu sua vida em um tr\u00e1gico acidente ocorrido na manh\u00e3 desta quarta (18) pr\u00f3ximo ao Hospital de Base em Vit\u00f3ria da Conquista, ser\u00e1 velado em Itapetinga-Ba. A Jovem Camila Cunha, que trafegava em uma motocicleta Honda\/Biz 150 de cor Branca pela Avenida Deputado [&hellip;]<\/p>\n","protected":false},"author":2,"featured_media":0,"comment_status":"open","ping_status":"open","sticky":false,"template":"","format":"standard","meta":{"_links_to":"","_links_to_target":""},"categories":[1],"tags":[],"_links":{"self":[{"href":"https:\/\/www.blogdotarugao.com.br\/v1\/wp-json\/wp\/v2\/posts\/60445"}],"collection":[{"href":"https:\/\/www.blogdotarugao.com.br\/v1\/wp-json\/wp\/v2\/posts"}],"about":[{"href":"https:\/\/www.blogdotarugao.com.br\/v1\/wp-json\/wp\/v2\/types\/post"}],"author":[{"embeddable":true,"href":"https:\/\/www.blogdotarugao.com.br\/v1\/wp-json\/wp\/v2\/users\/2"}],"replies":[{"embeddable":true,"href":"https:\/\/www.blogdotarugao.com.br\/v1\/wp-json\/wp\/v2\/comments?post=60445"}],"version-history":[{"count":4,"href":"https:\/\/www.blogdotarugao.com.br\/v1\/wp-json\/wp\/v2\/posts\/60445\/revisions"}],"predecessor-version":[{"id":60449,"href":"https:\/\/www.blogdotarugao.com.br\/v1\/wp-json\/wp\/v2\/posts\/60445\/revisions\/60449"}],"wp:attachment":[{"href":"https:\/\/www.blogdotarugao.com.br\/v1\/wp-json\/wp\/v2\/media?parent=60445"}],"wp:term":[{"taxonomy":"category","embeddable":true,"href":"https:\/\/www.blogdotarugao.com.br\/v1\/wp-json\/wp\/v2\/categories?post=60445"},{"taxonomy":"post_tag","embeddable":true,"href":"https:\/\/www.blogdotarugao.com.br\/v1\/wp-json\/wp\/v2\/tags?post=60445"}],"curies":[{"name":"wp","href":"https:\/\/api.w.org\/{rel}","templated":true}]}}