{"id":60508,"date":"2016-05-18T22:49:58","date_gmt":"2016-05-19T01:49:58","guid":{"rendered":"http:\/\/www.blogdotarugao.com.br\/v1\/?p=60508"},"modified":"2016-05-18T22:49:58","modified_gmt":"2016-05-19T01:49:58","slug":"dilma-e-notificada-pelo-stf-para-explicar-por-qual-motivo-chama-impeachment-de-golpe","status":"publish","type":"post","link":"https:\/\/www.blogdotarugao.com.br\/v1\/2016\/05\/18\/dilma-e-notificada-pelo-stf-para-explicar-por-qual-motivo-chama-impeachment-de-golpe\/","title":{"rendered":"Dilma \u00e9 notificada pelo STF para explicar por qual motivo chama impeachment de golpe"},"content":{"rendered":"<header class=\"single-title\">\n<h3 style=\"text-align: justify;\"><img loading=\"lazy\" class=\"  wp-image-59958 alignleft\" src=\"http:\/\/www.blogdotarugao.com.br\/v1\/wp-content\/uploads\/2016\/05\/Dilma-Ipeachmet.jpeg\" alt=\"Dilma Ipeachmet\" width=\"585\" height=\"439\" srcset=\"https:\/\/www.blogdotarugao.com.br\/v1\/wp-content\/uploads\/2016\/05\/Dilma-Ipeachmet.jpeg 690w, https:\/\/www.blogdotarugao.com.br\/v1\/wp-content\/uploads\/2016\/05\/Dilma-Ipeachmet-300x225.jpeg 300w\" sizes=\"(max-width: 585px) 100vw, 585px\" \/>Dilma tem dez dias para se explicar<\/h3>\n<\/header>\n<section class=\"post_content content-noticias clearfix\">\n<h3 style=\"text-align: justify;\">A situa\u00e7\u00e3o de turbul\u00eancia na carreira\u00a0pol\u00edtica da presidente afastada Dilma Rousseff teve um breve\u00a0sossego. Nesta quarta (18), a ministra Rosa Weber, do Supremo Tribunal Federal (STF), determinou \u00a0que Dilma seja notificada sobre interpela\u00e7\u00e3o judicial proposta por deputados que questionam o fato da ex-presidente\u00a0classificar o processo de impeachment como\u00a0\u201cgolpe de estado\u201d.\u00a0Dilma tem dez dias para se explicar.<\/h3>\n<h3 style=\"text-align: justify;\">Entre os\u00a0deputados que fizeram o questionamento, est\u00e3o:\u00a0J\u00falio Lopes (PP-RJ), Carlos Sampaio (PSDB-SP), Pauderney Avelino (DEM-AM), Rubens Bueno (PPS-PR), Ant\u00f4nio Imbassahy (PSDB-BA), Paulo Pereira da Silva (SD-SP). Para eles a acusa\u00e7\u00e3o de Dilma \u00e9 algo de \u201cgravidade \u00edmpar, sobretudo, ao se levar em considera\u00e7\u00e3o a recente hist\u00f3ria nacional e as possibilidades de ruptura que declara\u00e7\u00f5es desse tipo podem trazer \u00e0 sociedade brasileira\u201d.<\/h3>\n<\/section>\n","protected":false},"excerpt":{"rendered":"<p>Dilma tem dez dias para se explicar A situa\u00e7\u00e3o de turbul\u00eancia na carreira\u00a0pol\u00edtica da presidente afastada Dilma Rousseff teve um breve\u00a0sossego. Nesta quarta (18), a ministra Rosa Weber, do Supremo Tribunal Federal (STF), determinou \u00a0que Dilma seja notificada sobre interpela\u00e7\u00e3o judicial proposta por deputados que questionam o fato da ex-presidente\u00a0classificar o processo de impeachment como\u00a0\u201cgolpe [&hellip;]<\/p>\n","protected":false},"author":2,"featured_media":0,"comment_status":"open","ping_status":"open","sticky":false,"template":"","format":"standard","meta":{"_links_to":"","_links_to_target":""},"categories":[1],"tags":[],"_links":{"self":[{"href":"https:\/\/www.blogdotarugao.com.br\/v1\/wp-json\/wp\/v2\/posts\/60508"}],"collection":[{"href":"https:\/\/www.blogdotarugao.com.br\/v1\/wp-json\/wp\/v2\/posts"}],"about":[{"href":"https:\/\/www.blogdotarugao.com.br\/v1\/wp-json\/wp\/v2\/types\/post"}],"author":[{"embeddable":true,"href":"https:\/\/www.blogdotarugao.com.br\/v1\/wp-json\/wp\/v2\/users\/2"}],"replies":[{"embeddable":true,"href":"https:\/\/www.blogdotarugao.com.br\/v1\/wp-json\/wp\/v2\/comments?post=60508"}],"version-history":[{"count":0,"href":"https:\/\/www.blogdotarugao.com.br\/v1\/wp-json\/wp\/v2\/posts\/60508\/revisions"}],"wp:attachment":[{"href":"https:\/\/www.blogdotarugao.com.br\/v1\/wp-json\/wp\/v2\/media?parent=60508"}],"wp:term":[{"taxonomy":"category","embeddable":true,"href":"https:\/\/www.blogdotarugao.com.br\/v1\/wp-json\/wp\/v2\/categories?post=60508"},{"taxonomy":"post_tag","embeddable":true,"href":"https:\/\/www.blogdotarugao.com.br\/v1\/wp-json\/wp\/v2\/tags?post=60508"}],"curies":[{"name":"wp","href":"https:\/\/api.w.org\/{rel}","templated":true}]}}