{"id":60608,"date":"2016-05-19T23:26:33","date_gmt":"2016-05-20T02:26:33","guid":{"rendered":"http:\/\/www.blogdotarugao.com.br\/v1\/?p=60608"},"modified":"2016-05-19T23:26:33","modified_gmt":"2016-05-20T02:26:33","slug":"projeto-de-isentar-iptu-de-imoveis-alugados-para-templos-religiosos-chega-a-camara","status":"publish","type":"post","link":"https:\/\/www.blogdotarugao.com.br\/v1\/2016\/05\/19\/projeto-de-isentar-iptu-de-imoveis-alugados-para-templos-religiosos-chega-a-camara\/","title":{"rendered":"Projeto de isentar IPTU de im\u00f3veis alugados para templos religiosos chega \u00e0 C\u00e2mara"},"content":{"rendered":"<h3 style=\"text-align: justify;\"><img loading=\"lazy\" class=\"\" src=\"http:\/\/www.governocoletivo.com.br\/wp-content\/uploads\/2016\/03\/isen%C3%A7%C3%A3o-640x398.png\" alt=\"\" width=\"581\" height=\"361\" \/><\/h3>\n<h3 style=\"text-align: justify;\">A PEC (Proposta de Emenda \u00e0 Constitui\u00e7\u00e3o) passa a isentar do pagamento do imposto tamb\u00e9m os im\u00f3veis alugados para templos religiosos, desde que utilizados para cultos.<\/h3>\n<h3 style=\"text-align: justify;\">O projeto chegou \u00e0 CCJ da C\u00e2mara, ap\u00f3s <a href=\"http:\/\/noticias.uol.com.br\/ultimas-noticias\/agencia-estado\/2016\/03\/22\/senado-aprova-de-isencao-do-iptu-para-imoveis-alugados-para-templos-religiosos.htm\"><strong>ter sido aprovado pelo Senado em mar\u00e7o<\/strong><\/a>.\u00a0A proposta \u00e9 de autoria do senador Marcelo Crivella (PRB-RJ).<\/h3>\n<h3 style=\"text-align: justify;\">A Constitui\u00e7\u00e3o Federal j\u00e1 garante imunidade tribut\u00e1ria aos templos de qualquer religi\u00e3o. Mas a interpreta\u00e7\u00e3o predominante \u00e9 de que o benef\u00edcio se aplica apenas a pr\u00e9dios pr\u00f3prios. O objetivo do benef\u00edcio \u00e9 garantir a liberdade religiosa.<\/h3>\n<h3 style=\"text-align: justify;\">Se aprovado pela CCJ, a C\u00e2mara criar\u00e1 uma comiss\u00e3o especial para analisar o projeto, o que deve acelerar sua tramita\u00e7\u00e3o. Normalmente, os projetos tem que passar por mais de uma comiss\u00e3o.<\/h3>\n<h3 style=\"text-align: justify;\">Se aprovado na comiss\u00e3o, o texto segue para o plen\u00e1rio, onde \u00e9 preciso o voto de tr\u00eas quintos da C\u00e2mara (308 deputados) para \u00a0sua aprova\u00e7\u00e3o. O relator da\u00a0PEC na CCJ ser\u00e1 o deputado Jo\u00e3o Campos (PRB-GO), presidente da Frente Parlamentar Evang\u00e9lica.<\/h3>\n","protected":false},"excerpt":{"rendered":"<p>A PEC (Proposta de Emenda \u00e0 Constitui\u00e7\u00e3o) passa a isentar do pagamento do imposto tamb\u00e9m os im\u00f3veis alugados para templos religiosos, desde que utilizados para cultos. O projeto chegou \u00e0 CCJ da C\u00e2mara, ap\u00f3s ter sido aprovado pelo Senado em mar\u00e7o.\u00a0A proposta \u00e9 de autoria do senador Marcelo Crivella (PRB-RJ). A Constitui\u00e7\u00e3o Federal j\u00e1 garante [&hellip;]<\/p>\n","protected":false},"author":2,"featured_media":0,"comment_status":"open","ping_status":"open","sticky":false,"template":"","format":"standard","meta":{"_links_to":"","_links_to_target":""},"categories":[1],"tags":[],"_links":{"self":[{"href":"https:\/\/www.blogdotarugao.com.br\/v1\/wp-json\/wp\/v2\/posts\/60608"}],"collection":[{"href":"https:\/\/www.blogdotarugao.com.br\/v1\/wp-json\/wp\/v2\/posts"}],"about":[{"href":"https:\/\/www.blogdotarugao.com.br\/v1\/wp-json\/wp\/v2\/types\/post"}],"author":[{"embeddable":true,"href":"https:\/\/www.blogdotarugao.com.br\/v1\/wp-json\/wp\/v2\/users\/2"}],"replies":[{"embeddable":true,"href":"https:\/\/www.blogdotarugao.com.br\/v1\/wp-json\/wp\/v2\/comments?post=60608"}],"version-history":[{"count":1,"href":"https:\/\/www.blogdotarugao.com.br\/v1\/wp-json\/wp\/v2\/posts\/60608\/revisions"}],"predecessor-version":[{"id":60609,"href":"https:\/\/www.blogdotarugao.com.br\/v1\/wp-json\/wp\/v2\/posts\/60608\/revisions\/60609"}],"wp:attachment":[{"href":"https:\/\/www.blogdotarugao.com.br\/v1\/wp-json\/wp\/v2\/media?parent=60608"}],"wp:term":[{"taxonomy":"category","embeddable":true,"href":"https:\/\/www.blogdotarugao.com.br\/v1\/wp-json\/wp\/v2\/categories?post=60608"},{"taxonomy":"post_tag","embeddable":true,"href":"https:\/\/www.blogdotarugao.com.br\/v1\/wp-json\/wp\/v2\/tags?post=60608"}],"curies":[{"name":"wp","href":"https:\/\/api.w.org\/{rel}","templated":true}]}}