{"id":60614,"date":"2016-05-20T06:51:15","date_gmt":"2016-05-20T09:51:15","guid":{"rendered":"http:\/\/www.blogdotarugao.com.br\/v1\/?p=60614"},"modified":"2016-05-20T06:51:15","modified_gmt":"2016-05-20T09:51:15","slug":"premonicao-motoqueiro-que-testemunhou-morte-de-camila-sofre-acidente-momentos-depois","status":"publish","type":"post","link":"https:\/\/www.blogdotarugao.com.br\/v1\/2016\/05\/20\/premonicao-motoqueiro-que-testemunhou-morte-de-camila-sofre-acidente-momentos-depois\/","title":{"rendered":"Premoni\u00e7\u00e3o? Motoqueiro que testemunhou morte de Camila sofre acidente momentos depois"},"content":{"rendered":"<h3 style=\"text-align: justify;\"><strong><img loading=\"lazy\" class=\"  wp-image-60615 alignleft\" src=\"http:\/\/www.blogdotarugao.com.br\/v1\/wp-content\/uploads\/2016\/05\/premuni\u00e7\u00e3o.jpg\" alt=\"premuni\u00e7\u00e3o\" width=\"584\" height=\"410\" srcset=\"https:\/\/www.blogdotarugao.com.br\/v1\/wp-content\/uploads\/2016\/05\/premuni\u00e7\u00e3o.jpg 1156w, https:\/\/www.blogdotarugao.com.br\/v1\/wp-content\/uploads\/2016\/05\/premuni\u00e7\u00e3o-300x210.jpg 300w, https:\/\/www.blogdotarugao.com.br\/v1\/wp-content\/uploads\/2016\/05\/premuni\u00e7\u00e3o-1024x718.jpg 1024w\" sizes=\"(max-width: 584px) 100vw, 584px\" \/>Rapaz, que n\u00e3o teve o nome divulgado, quebrou as duas pernas ao se envolver em outro acidente de moto, na Juracy Magalh\u00e3es. Imagens circulam nas redes sociais.<\/strong><\/h3>\n<h3 style=\"text-align: justify;\">Circula nas redes sociais imagens intrigantes de um rapaz, que seria v\u00edtima de um dos tr\u00eas graves acidentes com moto desta quarta-feira (18), em Vit\u00f3ria da Conquista.<\/h3>\n<h3 style=\"text-align: justify;\"><a href=\"http:\/\/i.imgur.com\/CcoQQyK.jpg\" class=\"gallery_colorbox\" rel=\"lightbox[90405]\"><img loading=\"lazy\" class=\" alignleft\" src=\"http:\/\/i.imgur.com\/CcoQQyK.jpg\"  alt=\"\" width=\"584\" height=\"677\" \/><\/a>Na foto acima, um homem de camisa listrada observa a cena tr\u00e1gica da morte de Camila Cordeiro Cunha, 33 anos, ocorrida no inicio da manh\u00e3 de ontem. Assim como dezenas de pessoas que passavam pelo local, ele parou para ver o corpo da jovem de perto.<\/h3>\n<h3 style=\"text-align: justify;\">Na mesma manh\u00e3, um novo acidente com moto foi registrado. Desta vez, um motoqueiro caiu no asfalto da Juracy Magalh\u00e3es, ap\u00f3s colidir em cheio com um ve\u00edculo, ao tentar dividir espa\u00e7o na via, em alta velocidade. Internautas mais atentos, por compara\u00e7\u00e3o, perceberam que se tratava exatamente do mesmo indiv\u00edduo que parou para ver a cena do acidente de Camila. A v\u00edtima vestia a mesma camisa, a mesma cal\u00e7a e os mesmos sapatos.<img loading=\"lazy\" class=\" alignleft\" src=\"http:\/\/i.imgur.com\/Gnaiw7v.jpg\" alt=\"\" width=\"585\" height=\"519\" \/><\/h3>\n<h3 style=\"text-align: justify;\">No acidente, o rapaz quebrou as duas pernas e ficou desacordado na pista. Segundo informa\u00e7\u00f5es obtidas, ele foi socorrido pelo Samu 192, que o encaminhou \u00e0 um dos hospitais da cidade. Apesar dos ferimentos s\u00e9rios, ele passa bem. Ao contr\u00e1rio da mo\u00e7a, este motoqueiro teve mais sorte. Ser\u00e1 que foi premoni\u00e7\u00e3o?<\/h3>\n<h3 style=\"text-align: justify;\"><strong>Fonte: Blog do Marcelo<\/strong><\/h3>\n<h3 style=\"text-align: justify;\"><strong>Assista:Fonte: Blog do Marcelo<\/strong><\/h3>\n<p><!--more--><\/p>\n<p><iframe loading=\"lazy\" src=\"https:\/\/vid.me\/e\/wEgU?stats=1&amp;tools=1\" width=\"585\" height=\"534\" frameborder=\"0\" scrolling=\"no\" allowfullscreen=\"allowfullscreen\"><\/iframe><\/p>\n<p class=\"no-break\"><span class=\"st_facebook_hcount\"><span class=\"stButton\"><span class=\"stMainServices st-facebook-counter\">\u00a0<\/span><\/span><\/span><\/p>\n","protected":false},"excerpt":{"rendered":"<p>Rapaz, que n\u00e3o teve o nome divulgado, quebrou as duas pernas ao se envolver em outro acidente de moto, na Juracy Magalh\u00e3es. Imagens circulam nas redes sociais. Circula nas redes sociais imagens intrigantes de um rapaz, que seria v\u00edtima de um dos tr\u00eas graves acidentes com moto desta quarta-feira (18), em Vit\u00f3ria da Conquista. Na [&hellip;]<\/p>\n","protected":false},"author":2,"featured_media":0,"comment_status":"open","ping_status":"open","sticky":false,"template":"","format":"standard","meta":{"_links_to":"","_links_to_target":""},"categories":[1],"tags":[],"_links":{"self":[{"href":"https:\/\/www.blogdotarugao.com.br\/v1\/wp-json\/wp\/v2\/posts\/60614"}],"collection":[{"href":"https:\/\/www.blogdotarugao.com.br\/v1\/wp-json\/wp\/v2\/posts"}],"about":[{"href":"https:\/\/www.blogdotarugao.com.br\/v1\/wp-json\/wp\/v2\/types\/post"}],"author":[{"embeddable":true,"href":"https:\/\/www.blogdotarugao.com.br\/v1\/wp-json\/wp\/v2\/users\/2"}],"replies":[{"embeddable":true,"href":"https:\/\/www.blogdotarugao.com.br\/v1\/wp-json\/wp\/v2\/comments?post=60614"}],"version-history":[{"count":1,"href":"https:\/\/www.blogdotarugao.com.br\/v1\/wp-json\/wp\/v2\/posts\/60614\/revisions"}],"predecessor-version":[{"id":60616,"href":"https:\/\/www.blogdotarugao.com.br\/v1\/wp-json\/wp\/v2\/posts\/60614\/revisions\/60616"}],"wp:attachment":[{"href":"https:\/\/www.blogdotarugao.com.br\/v1\/wp-json\/wp\/v2\/media?parent=60614"}],"wp:term":[{"taxonomy":"category","embeddable":true,"href":"https:\/\/www.blogdotarugao.com.br\/v1\/wp-json\/wp\/v2\/categories?post=60614"},{"taxonomy":"post_tag","embeddable":true,"href":"https:\/\/www.blogdotarugao.com.br\/v1\/wp-json\/wp\/v2\/tags?post=60614"}],"curies":[{"name":"wp","href":"https:\/\/api.w.org\/{rel}","templated":true}]}}