{"id":60928,"date":"2016-05-24T20:17:48","date_gmt":"2016-05-24T23:17:48","guid":{"rendered":"http:\/\/www.blogdotarugao.com.br\/v1\/?p=60928"},"modified":"2016-05-24T20:17:48","modified_gmt":"2016-05-24T23:17:48","slug":"homem-que-fez-comentarios-racistas-para-ludmilla-na-web-pode-ser-preso","status":"publish","type":"post","link":"https:\/\/www.blogdotarugao.com.br\/v1\/2016\/05\/24\/homem-que-fez-comentarios-racistas-para-ludmilla-na-web-pode-ser-preso\/","title":{"rendered":"Homem que fez coment\u00e1rios racistas para Ludmilla na Web pode ser preso"},"content":{"rendered":"<header class=\"single-title\">\n<div>\n<h3 style=\"text-align: justify;\"><img loading=\"lazy\" class=\"  wp-image-60929 alignleft\" src=\"http:\/\/www.blogdotarugao.com.br\/v1\/wp-content\/uploads\/2016\/05\/jovem-racista.jpg\" alt=\"jovem racista\" width=\"582\" height=\"564\" \/>Delegado Alessandro Thiers afirma que H\u00e9lder Santos, de 31 anos, apresentou vers\u00f5es contradit\u00f3rias em depoimento e diz estar arrependido<\/h3>\n<\/div>\n<\/header>\n<section class=\"post_content content-entretenimento clearfix\">\n<h3 style=\"text-align: justify;\">O respons\u00e1vel pelos ataques racistas de Ludmilla j\u00e1 foi identificado. O\u00a0delegado Alessandro Thiers, respons\u00e1vel pelo caso, afirmou que o empres\u00e1rio H\u00e9lder Santos, de 31 anos, morador da Barra da Tijuca, acusado pelos ataques, prestou seu depoimento nesta ter\u00e7a-feira, 24.<\/h3>\n<h3 style=\"text-align: justify;\">\u201cA Ludmilla\u00a0veio ontem, segunda -feira, e relatou os fatos. A pol\u00edcia investigou, chegou ao homem e buscou ele para depor. H\u00e9lder Santos foi conduzido por policiais\u201d, explicou o delegado.<\/h3>\n<h3 style=\"text-align: justify;\">A policia questionou H\u00e9lder e primeiro ele contou hist\u00f3ria que n\u00e3o correspondia com a realidade. Ap\u00f3s a policia afirmar que a hist\u00f3ria n\u00e3o batia, ele confessou.<\/h3>\n<h3 style=\"text-align: justify;\">\u201cEle disse que \u00e9 f\u00e3 da cantora e que faz muscula\u00e7\u00e3o ouvindo a m\u00fasica de Ludmilla. Trabalha vendendo <a id=\"PXLINK_1_0_0\" class=\"pxInta\" href=\"http:\/\/varelanoticias.com.br\/homem-que-fez-comentarios-racistas-para-ludmilla-na-web-pode-ser-preso\/#\">suplemento<\/a> alimentares pela internet e que isso o prejudicou porque as pessoas est\u00e3o esperando ele se retratar. H\u00e9lder afirmou estar arrependido e disse que n\u00e3o sabe porque fez aquilo. Ele<\/h3>\n<\/section>\n","protected":false},"excerpt":{"rendered":"<p>Delegado Alessandro Thiers afirma que H\u00e9lder Santos, de 31 anos, apresentou vers\u00f5es contradit\u00f3rias em depoimento e diz estar arrependido O respons\u00e1vel pelos ataques racistas de Ludmilla j\u00e1 foi identificado. O\u00a0delegado Alessandro Thiers, respons\u00e1vel pelo caso, afirmou que o empres\u00e1rio H\u00e9lder Santos, de 31 anos, morador da Barra da Tijuca, acusado pelos ataques, prestou seu depoimento [&hellip;]<\/p>\n","protected":false},"author":2,"featured_media":0,"comment_status":"open","ping_status":"open","sticky":false,"template":"","format":"standard","meta":{"_links_to":"","_links_to_target":""},"categories":[1],"tags":[],"_links":{"self":[{"href":"https:\/\/www.blogdotarugao.com.br\/v1\/wp-json\/wp\/v2\/posts\/60928"}],"collection":[{"href":"https:\/\/www.blogdotarugao.com.br\/v1\/wp-json\/wp\/v2\/posts"}],"about":[{"href":"https:\/\/www.blogdotarugao.com.br\/v1\/wp-json\/wp\/v2\/types\/post"}],"author":[{"embeddable":true,"href":"https:\/\/www.blogdotarugao.com.br\/v1\/wp-json\/wp\/v2\/users\/2"}],"replies":[{"embeddable":true,"href":"https:\/\/www.blogdotarugao.com.br\/v1\/wp-json\/wp\/v2\/comments?post=60928"}],"version-history":[{"count":0,"href":"https:\/\/www.blogdotarugao.com.br\/v1\/wp-json\/wp\/v2\/posts\/60928\/revisions"}],"wp:attachment":[{"href":"https:\/\/www.blogdotarugao.com.br\/v1\/wp-json\/wp\/v2\/media?parent=60928"}],"wp:term":[{"taxonomy":"category","embeddable":true,"href":"https:\/\/www.blogdotarugao.com.br\/v1\/wp-json\/wp\/v2\/categories?post=60928"},{"taxonomy":"post_tag","embeddable":true,"href":"https:\/\/www.blogdotarugao.com.br\/v1\/wp-json\/wp\/v2\/tags?post=60928"}],"curies":[{"name":"wp","href":"https:\/\/api.w.org\/{rel}","templated":true}]}}