{"id":60939,"date":"2016-05-24T20:56:46","date_gmt":"2016-05-24T23:56:46","guid":{"rendered":"http:\/\/www.blogdotarugao.com.br\/v1\/?p=60939"},"modified":"2016-05-24T20:56:46","modified_gmt":"2016-05-24T23:56:46","slug":"meirelles-diz-que-no-momento-governo-descarta-aumento-de-impostos","status":"publish","type":"post","link":"https:\/\/www.blogdotarugao.com.br\/v1\/2016\/05\/24\/meirelles-diz-que-no-momento-governo-descarta-aumento-de-impostos\/","title":{"rendered":"Meirelles diz que &#8220;no momento&#8221; governo descarta aumento de impostos"},"content":{"rendered":"<div><img loading=\"lazy\" class=\"  wp-image-60940 alignleft\" src=\"http:\/\/www.blogdotarugao.com.br\/v1\/wp-content\/uploads\/2016\/05\/MEIRELLES.jpg\" alt=\"MEIRELLES\" width=\"585\" height=\"351\" srcset=\"https:\/\/www.blogdotarugao.com.br\/v1\/wp-content\/uploads\/2016\/05\/MEIRELLES.jpg 800w, https:\/\/www.blogdotarugao.com.br\/v1\/wp-content\/uploads\/2016\/05\/MEIRELLES-300x180.jpg 300w\" sizes=\"(max-width: 585px) 100vw, 585px\" \/><\/div>\n<h3 style=\"text-align: justify;\">O ministro da Fazenda, Henrique Meirelles, disse nesta ter\u00e7a-feira (24) que o governo n\u00e3o est\u00e1 \u201cno momento\u201d contemplando aumento de impostos. Segundo o ministro, o governo vai tomar medidas como a conten\u00e7\u00e3o dos gastos p\u00fablicos para evitar a eleva\u00e7\u00e3o da carga tribut\u00e1ria e poder\u00e1 reduzir subs\u00eddios.<\/h3>\n<h3 style=\"text-align: justify;\">\u201cEm \u00faltimo caso, em algum momento, pode-se temporariamente estabelecer ou propor algum imposto, se for necess\u00e1rio, \u00e0 frente. H\u00e1 consenso de que a carga tribut\u00e1ria brasileira hoje j\u00e1 est\u00e1 num n\u00edvel elevado. \u00c9 importante n\u00e3o sobrecarregar ainda mais a sociedade com impostos\u201d, disse Meirelles, durante a entrevista coletiva para detalhar as primeiras medidas econ\u00f4micas do governo do presidente interino Michel Temer.<\/h3>\n<h3 style=\"text-align: justify;\">Ao anunciar as novas medidas para os l\u00edderes da base aliada no Congresso, o presidente interino Michel Temer disse que enviar\u00e1 uma emenda constitucional ao Congresso para limitar gastos p\u00fablicos. As despesas do setor p\u00fablico, segundo Temer, se encontram em uma trajet\u00f3ria insustent\u00e1vel. &#8220;Vamos apresentar a proposta de emenda que limitar\u00e1 o crescimento dos gastos&#8221;, disse.<\/h3>\n<h3 style=\"text-align: justify;\">Meirelles tamb\u00e9m destacou, durante a entrevista para detalhar as medidas de conten\u00e7\u00e3o do d\u00e9ficit p\u00fablico, que a devolu\u00e7\u00e3o de aproximadamente R$ 100 bilh\u00f5es do Banco Nacional de Desenvolvimento Econ\u00f4mico e Social (BNDES) ao Tesouro Nacional faz parte da boa gest\u00e3o das contas p\u00fablicas. \u201cEsses recursos estavam ociosos, causando custo desnecess\u00e1rio. Estamos fazendo uma boa gest\u00e3o das contas p\u00fablicas, como mencionou o presidente Temer\u201d, disse Meirelles.<\/h3>\n","protected":false},"excerpt":{"rendered":"<p>O ministro da Fazenda, Henrique Meirelles, disse nesta ter\u00e7a-feira (24) que o governo n\u00e3o est\u00e1 \u201cno momento\u201d contemplando aumento de impostos. Segundo o ministro, o governo vai tomar medidas como a conten\u00e7\u00e3o dos gastos p\u00fablicos para evitar a eleva\u00e7\u00e3o da carga tribut\u00e1ria e poder\u00e1 reduzir subs\u00eddios. \u201cEm \u00faltimo caso, em algum momento, pode-se temporariamente estabelecer [&hellip;]<\/p>\n","protected":false},"author":2,"featured_media":0,"comment_status":"open","ping_status":"open","sticky":false,"template":"","format":"standard","meta":{"_links_to":"","_links_to_target":""},"categories":[1],"tags":[],"_links":{"self":[{"href":"https:\/\/www.blogdotarugao.com.br\/v1\/wp-json\/wp\/v2\/posts\/60939"}],"collection":[{"href":"https:\/\/www.blogdotarugao.com.br\/v1\/wp-json\/wp\/v2\/posts"}],"about":[{"href":"https:\/\/www.blogdotarugao.com.br\/v1\/wp-json\/wp\/v2\/types\/post"}],"author":[{"embeddable":true,"href":"https:\/\/www.blogdotarugao.com.br\/v1\/wp-json\/wp\/v2\/users\/2"}],"replies":[{"embeddable":true,"href":"https:\/\/www.blogdotarugao.com.br\/v1\/wp-json\/wp\/v2\/comments?post=60939"}],"version-history":[{"count":0,"href":"https:\/\/www.blogdotarugao.com.br\/v1\/wp-json\/wp\/v2\/posts\/60939\/revisions"}],"wp:attachment":[{"href":"https:\/\/www.blogdotarugao.com.br\/v1\/wp-json\/wp\/v2\/media?parent=60939"}],"wp:term":[{"taxonomy":"category","embeddable":true,"href":"https:\/\/www.blogdotarugao.com.br\/v1\/wp-json\/wp\/v2\/categories?post=60939"},{"taxonomy":"post_tag","embeddable":true,"href":"https:\/\/www.blogdotarugao.com.br\/v1\/wp-json\/wp\/v2\/tags?post=60939"}],"curies":[{"name":"wp","href":"https:\/\/api.w.org\/{rel}","templated":true}]}}