{"id":60941,"date":"2016-05-24T21:14:22","date_gmt":"2016-05-25T00:14:22","guid":{"rendered":"http:\/\/www.blogdotarugao.com.br\/v1\/?p=60941"},"modified":"2016-05-24T21:14:22","modified_gmt":"2016-05-25T00:14:22","slug":"farol-baixo-durante-o-dia-em-rodovias-passa-a-ser-obrigatorio","status":"publish","type":"post","link":"https:\/\/www.blogdotarugao.com.br\/v1\/2016\/05\/24\/farol-baixo-durante-o-dia-em-rodovias-passa-a-ser-obrigatorio\/","title":{"rendered":"Farol baixo durante o dia em rodovias passa a ser obrigat\u00f3rio"},"content":{"rendered":"<h3 style=\"text-align: justify;\"><img loading=\"lazy\" class=\"  wp-image-60943 alignleft\" src=\"http:\/\/www.blogdotarugao.com.br\/v1\/wp-content\/uploads\/2016\/05\/FAROL-BAIXO1.jpg\" alt=\"FAROL BAIXO1\" width=\"584\" height=\"440\" srcset=\"https:\/\/www.blogdotarugao.com.br\/v1\/wp-content\/uploads\/2016\/05\/FAROL-BAIXO1.jpg 620w, https:\/\/www.blogdotarugao.com.br\/v1\/wp-content\/uploads\/2016\/05\/FAROL-BAIXO1-300x226.jpg 300w\" sizes=\"(max-width: 584px) 100vw, 584px\" \/>O presidente interino, Michel Temer, sancionou, nesta ter\u00e7a-feira (24), uma lei que obriga o uso de far\u00f3is baixos durante o dia em rodovias brasileiras. O projeto j\u00e1 estava em tr\u00e2mite desde o ano passado e foi aprovado pelo Senado em abril deste ano.<\/h3>\n<h3 style=\"text-align: justify;\">A nova lei altera o C\u00f3digo de Tr\u00e2nsito Brasileiro, e apesar de j\u00e1 existir uma resolu\u00e7\u00e3o que recomendava o uso dos far\u00f3is baixos, o entendimento \u00e9 de que somente uma norma estabelecida por lei faria com que motoristas adotassem a medida.<\/h3>\n<h3 style=\"text-align: justify;\">A resolu\u00e7\u00e3o visa aumentar a seguran\u00e7a nas estradas com a redu\u00e7\u00e3o de acidentes frontais. A partir de agora, motoristas que n\u00e3o mantiverem o farol baixo ligado cometer\u00e1 infra\u00e7\u00e3o m\u00e9dia, podendo ser autuado e receber quatro pontos na carteira, al\u00e9m de ser multado. O valor da multa \u00e9 de R$ 85,13<\/h3>\n","protected":false},"excerpt":{"rendered":"<p>O presidente interino, Michel Temer, sancionou, nesta ter\u00e7a-feira (24), uma lei que obriga o uso de far\u00f3is baixos durante o dia em rodovias brasileiras. O projeto j\u00e1 estava em tr\u00e2mite desde o ano passado e foi aprovado pelo Senado em abril deste ano. A nova lei altera o C\u00f3digo de Tr\u00e2nsito Brasileiro, e apesar de [&hellip;]<\/p>\n","protected":false},"author":2,"featured_media":0,"comment_status":"open","ping_status":"open","sticky":false,"template":"","format":"standard","meta":{"_links_to":"","_links_to_target":""},"categories":[1],"tags":[],"_links":{"self":[{"href":"https:\/\/www.blogdotarugao.com.br\/v1\/wp-json\/wp\/v2\/posts\/60941"}],"collection":[{"href":"https:\/\/www.blogdotarugao.com.br\/v1\/wp-json\/wp\/v2\/posts"}],"about":[{"href":"https:\/\/www.blogdotarugao.com.br\/v1\/wp-json\/wp\/v2\/types\/post"}],"author":[{"embeddable":true,"href":"https:\/\/www.blogdotarugao.com.br\/v1\/wp-json\/wp\/v2\/users\/2"}],"replies":[{"embeddable":true,"href":"https:\/\/www.blogdotarugao.com.br\/v1\/wp-json\/wp\/v2\/comments?post=60941"}],"version-history":[{"count":1,"href":"https:\/\/www.blogdotarugao.com.br\/v1\/wp-json\/wp\/v2\/posts\/60941\/revisions"}],"predecessor-version":[{"id":60945,"href":"https:\/\/www.blogdotarugao.com.br\/v1\/wp-json\/wp\/v2\/posts\/60941\/revisions\/60945"}],"wp:attachment":[{"href":"https:\/\/www.blogdotarugao.com.br\/v1\/wp-json\/wp\/v2\/media?parent=60941"}],"wp:term":[{"taxonomy":"category","embeddable":true,"href":"https:\/\/www.blogdotarugao.com.br\/v1\/wp-json\/wp\/v2\/categories?post=60941"},{"taxonomy":"post_tag","embeddable":true,"href":"https:\/\/www.blogdotarugao.com.br\/v1\/wp-json\/wp\/v2\/tags?post=60941"}],"curies":[{"name":"wp","href":"https:\/\/api.w.org\/{rel}","templated":true}]}}