{"id":61179,"date":"2016-05-27T19:40:27","date_gmt":"2016-05-27T22:40:27","guid":{"rendered":"http:\/\/www.blogdotarugao.com.br\/v1\/?p=61179"},"modified":"2016-05-27T19:40:27","modified_gmt":"2016-05-27T22:40:27","slug":"quase-3-milhoes-ja-ficam-sem-seguro-desemprego-neste-ano-no-brasil","status":"publish","type":"post","link":"https:\/\/www.blogdotarugao.com.br\/v1\/2016\/05\/27\/quase-3-milhoes-ja-ficam-sem-seguro-desemprego-neste-ano-no-brasil\/","title":{"rendered":"Quase 3 milh\u00f5es j\u00e1 ficam sem seguro-desemprego neste ano no Brasil"},"content":{"rendered":"<h3 class=\"post-title entry-title\" style=\"text-align: justify;\"><img loading=\"lazy\" class=\"  wp-image-47608 alignleft\" src=\"http:\/\/www.blogdotarugao.com.br\/v1\/wp-content\/uploads\/2015\/12\/carteira-de-trabalho1.jpg\" alt=\"carteira de trabalho1\" width=\"585\" height=\"392\" srcset=\"https:\/\/www.blogdotarugao.com.br\/v1\/wp-content\/uploads\/2015\/12\/carteira-de-trabalho1.jpg 580w, https:\/\/www.blogdotarugao.com.br\/v1\/wp-content\/uploads\/2015\/12\/carteira-de-trabalho1-300x201.jpg 300w\" sizes=\"(max-width: 585px) 100vw, 585px\" \/>Mariana Tassi Barbosa, 28, recebeu neste m\u00eas a \u00faltima parcela do seguro-desemprego. A analista de m\u00eddias sociais, que est\u00e1 sem trabalho h\u00e1 oito meses, vinha usando o benef\u00edcio para pagar presta\u00e7\u00f5es do apartamento que comprou com o noivo. &#8220;Estou quase aceitando ganhar menos do que antes&#8221;, diz ela, que achava que j\u00e1 estaria empregada a esta hora.<\/h3>\n<div id=\"post-body-232952018334516200\" class=\"post-body entry-content\">\n<h3 style=\"text-align: justify;\">\u00c0 medida que o desemprego avan\u00e7a, piora a situa\u00e7\u00e3o dos que perdem o direito ao benef\u00edcio pago pelo governo, v\u00e1lido por at\u00e9 cinco meses (veja quadro). Al\u00e9m de Barbosa, outras 542,4 mil pessoas receberam a \u00faltima parcela do benef\u00edcio neste m\u00eas. Desde o come\u00e7o do ano, j\u00e1 foram 2,862 milh\u00f5es, n\u00famero 8% superior ao do mesmo per\u00edodo de 2015 (2,650 milh\u00f5es), segundo o Minist\u00e9rio do Trabalho.<\/h3>\n<h3 style=\"text-align: justify;\">Ao mesmo tempo, fica mais dif\u00edcil conseguir uma recoloca\u00e7\u00e3o num momento em que a economia brasileira est\u00e1 fechando <a id=\"PXLINK_2_0_1\" class=\"pxInta\" href=\"http:\/\/www.verdinhoitabuna.blog.br\/#\">vagas<\/a> em propor\u00e7\u00e3o maior que abrindo novas. Em abril, pelo 13\u00ba m\u00eas seguido, o mercado de trabalho formal encerrou 62.844 postos de trabalho. *Com informa\u00e7\u00f5es da Folha<\/h3>\n<\/div>\n","protected":false},"excerpt":{"rendered":"<p>Mariana Tassi Barbosa, 28, recebeu neste m\u00eas a \u00faltima parcela do seguro-desemprego. A analista de m\u00eddias sociais, que est\u00e1 sem trabalho h\u00e1 oito meses, vinha usando o benef\u00edcio para pagar presta\u00e7\u00f5es do apartamento que comprou com o noivo. &#8220;Estou quase aceitando ganhar menos do que antes&#8221;, diz ela, que achava que j\u00e1 estaria empregada a [&hellip;]<\/p>\n","protected":false},"author":2,"featured_media":0,"comment_status":"open","ping_status":"open","sticky":false,"template":"","format":"standard","meta":{"_links_to":"","_links_to_target":""},"categories":[1],"tags":[],"_links":{"self":[{"href":"https:\/\/www.blogdotarugao.com.br\/v1\/wp-json\/wp\/v2\/posts\/61179"}],"collection":[{"href":"https:\/\/www.blogdotarugao.com.br\/v1\/wp-json\/wp\/v2\/posts"}],"about":[{"href":"https:\/\/www.blogdotarugao.com.br\/v1\/wp-json\/wp\/v2\/types\/post"}],"author":[{"embeddable":true,"href":"https:\/\/www.blogdotarugao.com.br\/v1\/wp-json\/wp\/v2\/users\/2"}],"replies":[{"embeddable":true,"href":"https:\/\/www.blogdotarugao.com.br\/v1\/wp-json\/wp\/v2\/comments?post=61179"}],"version-history":[{"count":1,"href":"https:\/\/www.blogdotarugao.com.br\/v1\/wp-json\/wp\/v2\/posts\/61179\/revisions"}],"predecessor-version":[{"id":61180,"href":"https:\/\/www.blogdotarugao.com.br\/v1\/wp-json\/wp\/v2\/posts\/61179\/revisions\/61180"}],"wp:attachment":[{"href":"https:\/\/www.blogdotarugao.com.br\/v1\/wp-json\/wp\/v2\/media?parent=61179"}],"wp:term":[{"taxonomy":"category","embeddable":true,"href":"https:\/\/www.blogdotarugao.com.br\/v1\/wp-json\/wp\/v2\/categories?post=61179"},{"taxonomy":"post_tag","embeddable":true,"href":"https:\/\/www.blogdotarugao.com.br\/v1\/wp-json\/wp\/v2\/tags?post=61179"}],"curies":[{"name":"wp","href":"https:\/\/api.w.org\/{rel}","templated":true}]}}