{"id":61238,"date":"2016-05-28T09:37:17","date_gmt":"2016-05-28T12:37:17","guid":{"rendered":"http:\/\/www.blogdotarugao.com.br\/v1\/?p=61238"},"modified":"2016-05-28T09:37:17","modified_gmt":"2016-05-28T12:37:17","slug":"ativistas-fazem-beijaco-em-audiencia-na-camera","status":"publish","type":"post","link":"https:\/\/www.blogdotarugao.com.br\/v1\/2016\/05\/28\/ativistas-fazem-beijaco-em-audiencia-na-camera\/","title":{"rendered":"Ativistas fazem \u2018beija\u00e7o\u2019 em audi\u00eancia na c\u00e2mera"},"content":{"rendered":"<h3 style=\"text-align: justify;\"><img loading=\"lazy\" class=\"  wp-image-61239 alignleft\" src=\"http:\/\/www.blogdotarugao.com.br\/v1\/wp-content\/uploads\/2016\/05\/beija\u00e7o.jpg\" alt=\"beija\u00e7o\" width=\"585\" height=\"392\" srcset=\"https:\/\/www.blogdotarugao.com.br\/v1\/wp-content\/uploads\/2016\/05\/beija\u00e7o.jpg 940w, https:\/\/www.blogdotarugao.com.br\/v1\/wp-content\/uploads\/2016\/05\/beija\u00e7o-300x201.jpg 300w\" sizes=\"(max-width: 585px) 100vw, 585px\" \/>Ato ocorreu em reuni\u00e3o sobre o minist\u00e9rio da Cultura no governo Temer<\/h3>\n<h3 style=\"text-align: justify;\">Ativistas realizaram um protesto na audi\u00eancia publica\u00a0que discutiu o minist\u00e9rio da Cultura no governo interino de Michel Temer (PMDB), em forma de \u2018beija\u00e7o\u2019. O ato aconteceu em forma de rep\u00fadio aos deputados conservadores que pregam pol\u00edticas contra direitos do LGBT, Jair Bolsonaro, Eduardo Bolsonaro e Marcos Feliciano.<\/h3>\n<h3 style=\"text-align: justify;\">O \u201cbeija\u00e7o\u201d foi aplaudido pelo p\u00fablico que acompanhava a audi\u00eancia p\u00fablica.Tamb\u00e9m houve manifesta\u00e7\u00e3o contra o presidente em exerc\u00edcio. Os ativistas levaram cartazes de \u201cFora Temer\u201d e \u201cTemer Golpista\u201d para a sess\u00e3o.<\/h3>\n","protected":false},"excerpt":{"rendered":"<p>Ato ocorreu em reuni\u00e3o sobre o minist\u00e9rio da Cultura no governo Temer Ativistas realizaram um protesto na audi\u00eancia publica\u00a0que discutiu o minist\u00e9rio da Cultura no governo interino de Michel Temer (PMDB), em forma de \u2018beija\u00e7o\u2019. O ato aconteceu em forma de rep\u00fadio aos deputados conservadores que pregam pol\u00edticas contra direitos do LGBT, Jair Bolsonaro, Eduardo [&hellip;]<\/p>\n","protected":false},"author":2,"featured_media":0,"comment_status":"open","ping_status":"open","sticky":false,"template":"","format":"standard","meta":{"_links_to":"","_links_to_target":""},"categories":[1],"tags":[],"_links":{"self":[{"href":"https:\/\/www.blogdotarugao.com.br\/v1\/wp-json\/wp\/v2\/posts\/61238"}],"collection":[{"href":"https:\/\/www.blogdotarugao.com.br\/v1\/wp-json\/wp\/v2\/posts"}],"about":[{"href":"https:\/\/www.blogdotarugao.com.br\/v1\/wp-json\/wp\/v2\/types\/post"}],"author":[{"embeddable":true,"href":"https:\/\/www.blogdotarugao.com.br\/v1\/wp-json\/wp\/v2\/users\/2"}],"replies":[{"embeddable":true,"href":"https:\/\/www.blogdotarugao.com.br\/v1\/wp-json\/wp\/v2\/comments?post=61238"}],"version-history":[{"count":1,"href":"https:\/\/www.blogdotarugao.com.br\/v1\/wp-json\/wp\/v2\/posts\/61238\/revisions"}],"predecessor-version":[{"id":61240,"href":"https:\/\/www.blogdotarugao.com.br\/v1\/wp-json\/wp\/v2\/posts\/61238\/revisions\/61240"}],"wp:attachment":[{"href":"https:\/\/www.blogdotarugao.com.br\/v1\/wp-json\/wp\/v2\/media?parent=61238"}],"wp:term":[{"taxonomy":"category","embeddable":true,"href":"https:\/\/www.blogdotarugao.com.br\/v1\/wp-json\/wp\/v2\/categories?post=61238"},{"taxonomy":"post_tag","embeddable":true,"href":"https:\/\/www.blogdotarugao.com.br\/v1\/wp-json\/wp\/v2\/tags?post=61238"}],"curies":[{"name":"wp","href":"https:\/\/api.w.org\/{rel}","templated":true}]}}