{"id":61278,"date":"2016-05-28T22:27:25","date_gmt":"2016-05-29T01:27:25","guid":{"rendered":"http:\/\/www.blogdotarugao.com.br\/v1\/?p=61278"},"modified":"2016-05-28T22:38:12","modified_gmt":"2016-05-29T01:38:12","slug":"61278","status":"publish","type":"post","link":"https:\/\/www.blogdotarugao.com.br\/v1\/2016\/05\/28\/61278\/","title":{"rendered":"\u00d4nibus da banda Cavaleiros do Forr\u00f3 \u00e9 metralhado durante tentativa de assalto na BR-232"},"content":{"rendered":"<h4 style=\"text-align: justify;\"><strong><img loading=\"lazy\" class=\"  wp-image-61279 alignleft\" src=\"http:\/\/www.blogdotarugao.com.br\/v1\/wp-content\/uploads\/2016\/05\/Onibus-metralhado.jpg\" alt=\"Onibus metralhado\" width=\"585\" height=\"351\" srcset=\"https:\/\/www.blogdotarugao.com.br\/v1\/wp-content\/uploads\/2016\/05\/Onibus-metralhado.jpg 620w, https:\/\/www.blogdotarugao.com.br\/v1\/wp-content\/uploads\/2016\/05\/Onibus-metralhado-300x180.jpg 300w\" sizes=\"(max-width: 585px) 100vw, 585px\" \/>Al\u00e9m da banda, outros dois carros e um caminh\u00e3o foram parados pelos assaltantes, disse o empres\u00e1rio do grupo. Ningu\u00e9m se feriu.<\/strong><\/h4>\n<h4 style=\"text-align: justify;\">Um \u00f4nibus que transportava a banda Cavaleiros do Forr\u00f3 foi alvo de assalto na tarde desta sexta-feira (26) no munic\u00edpio de Sert\u00e2nia, no Sert\u00e3o de Pernambuco. De acordo com Alex Padang, propriet\u00e1rio e empres\u00e1rio do grupo, os criminosos usaram carretas para fechar o trecho da BR-232 onde o crime aconteceu.<\/h4>\n<h4 style=\"text-align: justify;\">A quadrilha chegou a atirar contra o ve\u00edculo. Ningu\u00e9m ficou ferido na a\u00e7\u00e3o. Segundo Padang, o \u00f4nibus da banda vinha do munic\u00edpio de Oeiras, no Piau\u00ed, com destino \u00e0 cidade de Alagoinha, em Pernambuco, onde a noite iriam se apresentar. \u201cOs criminosos fecharam a via com carretas e j\u00e1 chegaram atirando, com alguns disparos acertando o para-brisa do \u00f4nibus. Do pessoal da banda levaram pertences pessoais. N\u00e3o t\u00ednhamos nenhuma grande quantia em dinheiro dentro do ve\u00edculo\u201d, contou ele.<\/h4>\n<h4 class=\"wp-caption alignnone\" style=\"text-align: justify; width: 594px;\"><img loading=\"lazy\" class=\"\" src=\"http:\/\/i.imgur.com\/YAI0vzO.png\" alt=\"\" width=\"584\" height=\"471\" \/><\/h4>\n<p class=\"wp-caption-text\">Peruano do Cavaleiros, vocalista da banda<\/p>\n<h4 style=\"text-align: justify;\">Al\u00e9m da banda, outros dois carros e um caminh\u00e3o foram parados pelos assaltantes. \u201cAcredito que o alvo da quadrilha possa ter sido o caminh\u00e3o, at\u00e9 pela forma como foi a abordagem. Eles sabiam muito bem o que estavam fazendo\u201d, disse Padang. De acordo com o empres\u00e1rio, essa foi a segunda vez que a banda \u00e9 alvo da a\u00e7\u00e3o de criminosos. Pagang falou ainda que a pr\u00f3pria pol\u00edcia n\u00e3o recomenda passar pelo trecho que aconteceu o assalto. \u201cSab\u00edamos que n\u00e3o era seguro passar na regi\u00e3o depois das 16h. Trabalho nisso h\u00e1 13 anos e j\u00e1 escutei de policiais que aquela regi\u00e3o n\u00e3o \u00e9 segura. Gra\u00e7as a Deus ningu\u00e9m saiu ferido e as perdas foram s\u00f3 de pequenos pertences\u201d, contou ele.<\/h4>\n<h4 class=\"wp-caption alignleft\" style=\"text-align: justify; width: 595px;\"><img loading=\"lazy\" class=\"\" src=\"http:\/\/i.imgur.com\/wk2fLJF.jpg\" alt=\"\" width=\"585\" height=\"389\" \/><\/h4>\n<p class=\"wp-caption-text\">Banda durante show desta sexta-feira (26), horas antes do atentado<\/p>\n<h4 style=\"text-align: justify;\">Al\u00e9m da banda Cavaleiros do Forr\u00f3, os passageiros dos dois carros e do caminh\u00e3o alvo dos criminosos foram direto para a Delegacia de Pol\u00edcia Civil de Arco Verde, onde prestaram queixa. Apesar do assalto, a banda realizou a apresenta\u00e7\u00e3o programada para a noite em Alagoinhas. \u201cTocamos ontem (dia 26) a noite e j\u00e1 voltamos para a estrada com destino \u00e0 Bahia. \u00c9 vida que segue\u201d, disse. A banda Cavaleiros do Forr\u00f3 se apresenta neste s\u00e1bado (27) no munic\u00edpio de Amargos, no interior da Bahia.<\/h4>\n","protected":false},"excerpt":{"rendered":"<p>Al\u00e9m da banda, outros dois carros e um caminh\u00e3o foram parados pelos assaltantes, disse o empres\u00e1rio do grupo. Ningu\u00e9m se feriu. Um \u00f4nibus que transportava a banda Cavaleiros do Forr\u00f3 foi alvo de assalto na tarde desta sexta-feira (26) no munic\u00edpio de Sert\u00e2nia, no Sert\u00e3o de Pernambuco. De acordo com Alex Padang, propriet\u00e1rio e empres\u00e1rio [&hellip;]<\/p>\n","protected":false},"author":2,"featured_media":0,"comment_status":"open","ping_status":"open","sticky":false,"template":"","format":"standard","meta":{"_links_to":"","_links_to_target":""},"categories":[1],"tags":[],"_links":{"self":[{"href":"https:\/\/www.blogdotarugao.com.br\/v1\/wp-json\/wp\/v2\/posts\/61278"}],"collection":[{"href":"https:\/\/www.blogdotarugao.com.br\/v1\/wp-json\/wp\/v2\/posts"}],"about":[{"href":"https:\/\/www.blogdotarugao.com.br\/v1\/wp-json\/wp\/v2\/types\/post"}],"author":[{"embeddable":true,"href":"https:\/\/www.blogdotarugao.com.br\/v1\/wp-json\/wp\/v2\/users\/2"}],"replies":[{"embeddable":true,"href":"https:\/\/www.blogdotarugao.com.br\/v1\/wp-json\/wp\/v2\/comments?post=61278"}],"version-history":[{"count":2,"href":"https:\/\/www.blogdotarugao.com.br\/v1\/wp-json\/wp\/v2\/posts\/61278\/revisions"}],"predecessor-version":[{"id":61281,"href":"https:\/\/www.blogdotarugao.com.br\/v1\/wp-json\/wp\/v2\/posts\/61278\/revisions\/61281"}],"wp:attachment":[{"href":"https:\/\/www.blogdotarugao.com.br\/v1\/wp-json\/wp\/v2\/media?parent=61278"}],"wp:term":[{"taxonomy":"category","embeddable":true,"href":"https:\/\/www.blogdotarugao.com.br\/v1\/wp-json\/wp\/v2\/categories?post=61278"},{"taxonomy":"post_tag","embeddable":true,"href":"https:\/\/www.blogdotarugao.com.br\/v1\/wp-json\/wp\/v2\/tags?post=61278"}],"curies":[{"name":"wp","href":"https:\/\/api.w.org\/{rel}","templated":true}]}}