{"id":61301,"date":"2016-05-29T11:31:07","date_gmt":"2016-05-29T14:31:07","guid":{"rendered":"http:\/\/www.blogdotarugao.com.br\/v1\/?p=61301"},"modified":"2016-05-29T11:31:07","modified_gmt":"2016-05-29T14:31:07","slug":"triste-jovem-e-adolescente-em-moto-morrem-apos-batida-com-carreta","status":"publish","type":"post","link":"https:\/\/www.blogdotarugao.com.br\/v1\/2016\/05\/29\/triste-jovem-e-adolescente-em-moto-morrem-apos-batida-com-carreta\/","title":{"rendered":"Triste: jovem e adolescente em moto morrem ap\u00f3s batida com carreta"},"content":{"rendered":"<h3 style=\"text-align: justify;\"><img loading=\"lazy\" class=\"  wp-image-61302 alignleft\" src=\"http:\/\/www.blogdotarugao.com.br\/v1\/wp-content\/uploads\/2016\/05\/Tr\u00e2nsito-acidente.jpg\" alt=\"Tr\u00e2nsito-acidente\" width=\"584\" height=\"340\" srcset=\"https:\/\/www.blogdotarugao.com.br\/v1\/wp-content\/uploads\/2016\/05\/Tr\u00e2nsito-acidente.jpg 550w, https:\/\/www.blogdotarugao.com.br\/v1\/wp-content\/uploads\/2016\/05\/Tr\u00e2nsito-acidente-300x175.jpg 300w\" sizes=\"(max-width: 584px) 100vw, 584px\" \/>Na noite dessa sexta-feira( 27), o piloto e a carona que estavam em uma moto morreram ap\u00f3s baterem de frente com uma carreta na BR-116, pr\u00f3ximo \u00e0 cidade de Manoel Vitorino, no sudoeste da Bahia (distante 115 km de Vit\u00f3ria da Conquista).<\/h3>\n<h3 style=\"text-align: justify;\">As v\u00edtimas identificadas como Divaldo Luz Pereira (24), e Isadora Kauffman Santos Pereira (13), \u00a0usavam\u00a0 capacete, mas mesmo assim n\u00e3o resistiram, segundo informa\u00e7\u00f5es Pol\u00edcia Rodovi\u00e1ria Federal (PRF).<\/h3>\n<h3 style=\"text-align: justify;\">Ainda de acordo com a Pol\u00edcia, o motorista da carreta, Vivaldo Pimentel Ferreira (57) n\u00e3o sofreu nenhum ferimento e esperou no local do acidente a chegada do socorro. Ele foi ouvido e liberado.<\/h3>\n<h3 style=\"text-align: justify;\">A PRF tamb\u00e9m informou que as circunst\u00e2ncias do acidente s\u00e3o desconhecidas, mas, a moto estava na contram\u00e3o.<\/h3>\n<h3 style=\"text-align: justify;\">Os corpos das v\u00edtimas foram encaminhados para o Departamento de Pol\u00edcia T\u00e9cnica (DPT) de Jequi\u00e9.<\/h3>\n","protected":false},"excerpt":{"rendered":"<p>Na noite dessa sexta-feira( 27), o piloto e a carona que estavam em uma moto morreram ap\u00f3s baterem de frente com uma carreta na BR-116, pr\u00f3ximo \u00e0 cidade de Manoel Vitorino, no sudoeste da Bahia (distante 115 km de Vit\u00f3ria da Conquista). As v\u00edtimas identificadas como Divaldo Luz Pereira (24), e Isadora Kauffman Santos Pereira [&hellip;]<\/p>\n","protected":false},"author":2,"featured_media":0,"comment_status":"open","ping_status":"open","sticky":false,"template":"","format":"standard","meta":{"_links_to":"","_links_to_target":""},"categories":[1],"tags":[],"_links":{"self":[{"href":"https:\/\/www.blogdotarugao.com.br\/v1\/wp-json\/wp\/v2\/posts\/61301"}],"collection":[{"href":"https:\/\/www.blogdotarugao.com.br\/v1\/wp-json\/wp\/v2\/posts"}],"about":[{"href":"https:\/\/www.blogdotarugao.com.br\/v1\/wp-json\/wp\/v2\/types\/post"}],"author":[{"embeddable":true,"href":"https:\/\/www.blogdotarugao.com.br\/v1\/wp-json\/wp\/v2\/users\/2"}],"replies":[{"embeddable":true,"href":"https:\/\/www.blogdotarugao.com.br\/v1\/wp-json\/wp\/v2\/comments?post=61301"}],"version-history":[{"count":1,"href":"https:\/\/www.blogdotarugao.com.br\/v1\/wp-json\/wp\/v2\/posts\/61301\/revisions"}],"predecessor-version":[{"id":61303,"href":"https:\/\/www.blogdotarugao.com.br\/v1\/wp-json\/wp\/v2\/posts\/61301\/revisions\/61303"}],"wp:attachment":[{"href":"https:\/\/www.blogdotarugao.com.br\/v1\/wp-json\/wp\/v2\/media?parent=61301"}],"wp:term":[{"taxonomy":"category","embeddable":true,"href":"https:\/\/www.blogdotarugao.com.br\/v1\/wp-json\/wp\/v2\/categories?post=61301"},{"taxonomy":"post_tag","embeddable":true,"href":"https:\/\/www.blogdotarugao.com.br\/v1\/wp-json\/wp\/v2\/tags?post=61301"}],"curies":[{"name":"wp","href":"https:\/\/api.w.org\/{rel}","templated":true}]}}