{"id":61355,"date":"2016-05-29T17:39:56","date_gmt":"2016-05-29T20:39:56","guid":{"rendered":"http:\/\/www.blogdotarugao.com.br\/v1\/?p=61355"},"modified":"2016-05-29T17:39:56","modified_gmt":"2016-05-29T20:39:56","slug":"economistas-veem-sinais-de-saida-do-fundo-do-poco","status":"publish","type":"post","link":"https:\/\/www.blogdotarugao.com.br\/v1\/2016\/05\/29\/economistas-veem-sinais-de-saida-do-fundo-do-poco\/","title":{"rendered":"Economistas veem sinais de sa\u00edda do fundo do po\u00e7o"},"content":{"rendered":"<header>\n<h1 class=\"titulo-interna\"><img loading=\"lazy\" class=\"  wp-image-61356 alignleft\" src=\"http:\/\/www.blogdotarugao.com.br\/v1\/wp-content\/uploads\/2016\/05\/Economia.jpg\" alt=\"Economia\" width=\"584\" height=\"389\" srcset=\"https:\/\/www.blogdotarugao.com.br\/v1\/wp-content\/uploads\/2016\/05\/Economia.jpg 800w, https:\/\/www.blogdotarugao.com.br\/v1\/wp-content\/uploads\/2016\/05\/Economia-300x200.jpg 300w\" sizes=\"(max-width: 584px) 100vw, 584px\" \/><\/h1>\n<\/header>\n<div class=\"editor clearfix\">\n<h3 style=\"text-align: justify;\">Depois de dois anos em queda, a economia brasileira est\u00e1 caminhando para o in\u00edcio de uma estabiliza\u00e7\u00e3o. Dados recentes indicam que uma recupera\u00e7\u00e3o embrion\u00e1ria est\u00e1 em curso e poder\u00e1 levar a uma retomada mais r\u00e1pida do que o esperado.<\/h3>\n<h3 style=\"text-align: justify;\">A mudan\u00e7a de marcha n\u00e3o foi efeito apenas da troca de governo, mas de ajustes feitos ainda pela administra\u00e7\u00e3o de Dilma Rousseff, sob a tesoura do ex-ministro da Fazenda Joaquim Levy em 2015.<\/h3>\n<h3 style=\"text-align: justify;\">As corre\u00e7\u00f5es feitas at\u00e9 agora, por\u00e9m, ainda s\u00e3o modestas e s\u00f3 levar\u00e3o a uma recupera\u00e7\u00e3o sustent\u00e1vel se a administra\u00e7\u00e3o interina de Michel Temer conseguir aprovar medidas para estancar a sangria nas contas p\u00fablicas.<\/h3>\n<h3 style=\"text-align: justify;\">&#8220;O Temer herdou de Dilma 2 uma economia melhor do que Dilma 2 herdou de Dilma 1&#8221;, afirma Caio Megale, economista do Ita\u00fa Unibanco.<!--more--><br \/>\nDados recentes, como a melhora no n\u00famero de emplacamentos de carros, a estabiliza\u00e7\u00e3o do n\u00edvel de estoques de bens dur\u00e1veis (como carros e eletrodom\u00e9sticos) e da produ\u00e7\u00e3o de m\u00e1quinas e equipamentos mostram que a economia est\u00e1 perto do fundo do po\u00e7o, dizem analistas.<\/h3>\n<h3 style=\"text-align: justify;\">&#8220;Em abril, pela primeira vez em dois anos, faltaram carros para entregar&#8221;, observa Megale.<\/h3>\n<h3 style=\"text-align: justify;\">Na \u00faltima semana, na esteira do afastamento de Dilma Rousseff, pesquisas com consumidores e empres\u00e1rios mostraram significativa melhora da confian\u00e7a, embora esta se mantenha em n\u00edvel baixo. A principal contribui\u00e7\u00e3o veio de uma perspectiva mais otimista sobre o futuro da economia.<\/h3>\n<h3 style=\"text-align: justify;\">Bancos brasileiros e estrangeiros j\u00e1 preveem que, se o quadro pol\u00edtico n\u00e3o atrapalhar, a estabiliza\u00e7\u00e3o poder\u00e1 ocorrer entre este segundo trimestre e o fim do ano.<\/h3>\n<h3 style=\"text-align: justify;\">Um dos mais otimistas, o Bradesco revisou recentemente sua proje\u00e7\u00e3o para o PIB do segundo trimestre de uma contra\u00e7\u00e3o de 0,5% para -0,1%. &#8220;N\u00e3o \u00e9 pouca coisa&#8221;, afirma Igor Velecico, economista do banco.<\/h3>\n<\/div>\n","protected":false},"excerpt":{"rendered":"<p>Depois de dois anos em queda, a economia brasileira est\u00e1 caminhando para o in\u00edcio de uma estabiliza\u00e7\u00e3o. Dados recentes indicam que uma recupera\u00e7\u00e3o embrion\u00e1ria est\u00e1 em curso e poder\u00e1 levar a uma retomada mais r\u00e1pida do que o esperado. A mudan\u00e7a de marcha n\u00e3o foi efeito apenas da troca de governo, mas de ajustes feitos [&hellip;]<\/p>\n","protected":false},"author":2,"featured_media":0,"comment_status":"open","ping_status":"open","sticky":false,"template":"","format":"standard","meta":{"_links_to":"","_links_to_target":""},"categories":[1],"tags":[],"_links":{"self":[{"href":"https:\/\/www.blogdotarugao.com.br\/v1\/wp-json\/wp\/v2\/posts\/61355"}],"collection":[{"href":"https:\/\/www.blogdotarugao.com.br\/v1\/wp-json\/wp\/v2\/posts"}],"about":[{"href":"https:\/\/www.blogdotarugao.com.br\/v1\/wp-json\/wp\/v2\/types\/post"}],"author":[{"embeddable":true,"href":"https:\/\/www.blogdotarugao.com.br\/v1\/wp-json\/wp\/v2\/users\/2"}],"replies":[{"embeddable":true,"href":"https:\/\/www.blogdotarugao.com.br\/v1\/wp-json\/wp\/v2\/comments?post=61355"}],"version-history":[{"count":0,"href":"https:\/\/www.blogdotarugao.com.br\/v1\/wp-json\/wp\/v2\/posts\/61355\/revisions"}],"wp:attachment":[{"href":"https:\/\/www.blogdotarugao.com.br\/v1\/wp-json\/wp\/v2\/media?parent=61355"}],"wp:term":[{"taxonomy":"category","embeddable":true,"href":"https:\/\/www.blogdotarugao.com.br\/v1\/wp-json\/wp\/v2\/categories?post=61355"},{"taxonomy":"post_tag","embeddable":true,"href":"https:\/\/www.blogdotarugao.com.br\/v1\/wp-json\/wp\/v2\/tags?post=61355"}],"curies":[{"name":"wp","href":"https:\/\/api.w.org\/{rel}","templated":true}]}}