{"id":61357,"date":"2016-05-29T18:08:12","date_gmt":"2016-05-29T21:08:12","guid":{"rendered":"http:\/\/www.blogdotarugao.com.br\/v1\/?p=61357"},"modified":"2016-05-29T18:08:12","modified_gmt":"2016-05-29T21:08:12","slug":"dilma-agiu-para-melar-a-lava-jato-diz-odebrecht-em-delacao-segundo-site","status":"publish","type":"post","link":"https:\/\/www.blogdotarugao.com.br\/v1\/2016\/05\/29\/dilma-agiu-para-melar-a-lava-jato-diz-odebrecht-em-delacao-segundo-site\/","title":{"rendered":"Dilma agiu para melar a Lava Jato, diz Odebrecht em dela\u00e7\u00e3o, segundo site"},"content":{"rendered":"<h3 style=\"text-align: justify;\"><img loading=\"lazy\" class=\"  wp-image-61358 alignleft\" src=\"http:\/\/www.blogdotarugao.com.br\/v1\/wp-content\/uploads\/2016\/05\/001-1.jpg\" alt=\"001 (1)\" width=\"585\" height=\"394\" srcset=\"https:\/\/www.blogdotarugao.com.br\/v1\/wp-content\/uploads\/2016\/05\/001-1.jpg 800w, https:\/\/www.blogdotarugao.com.br\/v1\/wp-content\/uploads\/2016\/05\/001-1-300x202.jpg 300w\" sizes=\"(max-width: 585px) 100vw, 585px\" \/>Dilma Rousseff agiu para melar a Lava Jato. Foi o que disse Marcelo Odebrecht em sua dela\u00e7\u00e3o, de acordo com o site O Antagonista.<\/h3>\n<h3 style=\"text-align: justify;\">O Antagonista soube que o empreiteiro confirmou os relatos de Delc\u00eddio Amaral de que Dilma Rousseff nomeou Navarro Dantas ao STJ com o prop\u00f3sito de tir\u00e1-lo da cadeia. Marcelo Odebrecht, em sua dela\u00e7\u00e3o, disse que se encontrou mais de uma vez com Giles Azevedo &#8211; o principal assessor de Dilma Rousseff &#8211; para discutir uma maneira de melar a Lava Jato.<\/h3>\n<h3 style=\"text-align: justify;\">O Antagonista soube\u00a0que um dos caminhos acertados foi a troca de comando da PF.<\/h3>\n","protected":false},"excerpt":{"rendered":"<p>Dilma Rousseff agiu para melar a Lava Jato. Foi o que disse Marcelo Odebrecht em sua dela\u00e7\u00e3o, de acordo com o site O Antagonista. O Antagonista soube que o empreiteiro confirmou os relatos de Delc\u00eddio Amaral de que Dilma Rousseff nomeou Navarro Dantas ao STJ com o prop\u00f3sito de tir\u00e1-lo da cadeia. Marcelo Odebrecht, em [&hellip;]<\/p>\n","protected":false},"author":2,"featured_media":0,"comment_status":"open","ping_status":"open","sticky":false,"template":"","format":"standard","meta":{"_links_to":"","_links_to_target":""},"categories":[1],"tags":[],"_links":{"self":[{"href":"https:\/\/www.blogdotarugao.com.br\/v1\/wp-json\/wp\/v2\/posts\/61357"}],"collection":[{"href":"https:\/\/www.blogdotarugao.com.br\/v1\/wp-json\/wp\/v2\/posts"}],"about":[{"href":"https:\/\/www.blogdotarugao.com.br\/v1\/wp-json\/wp\/v2\/types\/post"}],"author":[{"embeddable":true,"href":"https:\/\/www.blogdotarugao.com.br\/v1\/wp-json\/wp\/v2\/users\/2"}],"replies":[{"embeddable":true,"href":"https:\/\/www.blogdotarugao.com.br\/v1\/wp-json\/wp\/v2\/comments?post=61357"}],"version-history":[{"count":1,"href":"https:\/\/www.blogdotarugao.com.br\/v1\/wp-json\/wp\/v2\/posts\/61357\/revisions"}],"predecessor-version":[{"id":61359,"href":"https:\/\/www.blogdotarugao.com.br\/v1\/wp-json\/wp\/v2\/posts\/61357\/revisions\/61359"}],"wp:attachment":[{"href":"https:\/\/www.blogdotarugao.com.br\/v1\/wp-json\/wp\/v2\/media?parent=61357"}],"wp:term":[{"taxonomy":"category","embeddable":true,"href":"https:\/\/www.blogdotarugao.com.br\/v1\/wp-json\/wp\/v2\/categories?post=61357"},{"taxonomy":"post_tag","embeddable":true,"href":"https:\/\/www.blogdotarugao.com.br\/v1\/wp-json\/wp\/v2\/tags?post=61357"}],"curies":[{"name":"wp","href":"https:\/\/api.w.org\/{rel}","templated":true}]}}