{"id":61439,"date":"2016-05-30T22:34:56","date_gmt":"2016-05-31T01:34:56","guid":{"rendered":"http:\/\/www.blogdotarugao.com.br\/v1\/?p=61439"},"modified":"2016-05-30T22:37:20","modified_gmt":"2016-05-31T01:37:20","slug":"carro-invade-pista-contraria-e-bate-em-carreta-na-br-324-cinco-pessoas-morreram-no-local","status":"publish","type":"post","link":"https:\/\/www.blogdotarugao.com.br\/v1\/2016\/05\/30\/carro-invade-pista-contraria-e-bate-em-carreta-na-br-324-cinco-pessoas-morreram-no-local\/","title":{"rendered":"Carro invade pista contr\u00e1ria e bate em carreta na BR-324; cinco pessoas morreram no local"},"content":{"rendered":"<h3 class=\"post-title entry-title\" style=\"text-align: justify;\"><img loading=\"lazy\" class=\"  wp-image-61440 alignleft\" src=\"http:\/\/www.blogdotarugao.com.br\/v1\/wp-content\/uploads\/2016\/05\/acidente_11-1.jpg\" alt=\"acidente_11 (1)\" width=\"584\" height=\"439\" srcset=\"https:\/\/www.blogdotarugao.com.br\/v1\/wp-content\/uploads\/2016\/05\/acidente_11-1.jpg 620w, https:\/\/www.blogdotarugao.com.br\/v1\/wp-content\/uploads\/2016\/05\/acidente_11-1-300x225.jpg 300w\" sizes=\"(max-width: 584px) 100vw, 584px\" \/>Um acidente entre uma carreta e um carro na BR-324, na altura do munic\u00edpio de Candeias, regi\u00e3o metropolitana de Salvador, deixou ao menos cinco mortos nesta segunda-feira (30), de acordo com informa\u00e7\u00f5es da Pol\u00edcia Rodovi\u00e1ria Federal (PRF).<img loading=\"lazy\" class=\" alignleft\" src=\"https:\/\/2.bp.blogspot.com\/-JDgz314viLg\/V0y1eLAuOdI\/AAAAAAABIwU\/Qfh-W4BKOiEBAoogVZVSh2Yu46CPpd28gCLcB\/s1600\/acidente-05.jpg\" alt=\"\" width=\"585\" height=\"399\" border=\"0\" \/><\/h3>\n<div id=\"post-body-5947337089292854243\" class=\"post-body entry-content\">\n<div><\/div>\n<h3 style=\"text-align: justify;\">Segundo a PRF, quatro pessoas, entre elas o motorista da carreta e outros tr\u00eas passageiros do ve\u00edculo menor, ficaram feridas e foram socorridas por equipes de resgate para hospitais de Salvador. Duas das v\u00edtimas foram levadas por um helic\u00f3ptero do Grupamento A\u00e9reo da Pol\u00edcia Militar (Graer) para o Hospital do Sub\u00farbio. Equipes do Samu, Bombeiros, Via Bahia \u00a0trabalharam no resgate das outras v\u00edtimas. N\u00e3o h\u00e1 informa\u00e7\u00f5es da identidade dos feridos e nem dos mortos. A Pol\u00edcia Rodovi\u00e1ria Federal informou que os dois ve\u00edculos bateram de frente ap\u00f3s um deles invadir o canteiro central da via.<img loading=\"lazy\" class=\" alignleft\" src=\"http:\/\/e-c3.sttc.net.br\/uploads\/RTEmagicC_3b359f468d.jpg.jpg\" alt=\"\" width=\"584\" height=\"439\" border=\"0\" \/><\/h3>\n<div class=\"separator\"><\/div>\n<div><\/div>\n<h3 style=\"text-align: justify;\">O acidente aconteceu no Km 595, na altura do Posto Fiscal da Secretaria da Fazenda. Ainda segundo a PRF, a carreta envolvida no acidente trafegava no sentido Salvador &#8211; Feira de Santana, quando o condutor do ve\u00edculo perdeu o controle da dire\u00e7\u00e3o e invadiu a pista no sentido contr\u00e1rio, atingindo o ve\u00edculo que seguia no sentido Feira de Santana &#8211; Salvador.\u00a0<!--more--><\/h3>\n<h3 style=\"text-align: justify;\">A PRF informou que h\u00e1 ind\u00edcios de que o carro envolvido no acidente, um Zafira, era usado para o transporte clandestino de passageiros de cidades do interior para Salvador. Oito pessoas estavam no ve\u00edculo no momento do acidente. O carro, de acordo com a PRF, tem capacidade para sete passageiros.<\/h3>\n<\/div>\n","protected":false},"excerpt":{"rendered":"<p>Um acidente entre uma carreta e um carro na BR-324, na altura do munic\u00edpio de Candeias, regi\u00e3o metropolitana de Salvador, deixou ao menos cinco mortos nesta segunda-feira (30), de acordo com informa\u00e7\u00f5es da Pol\u00edcia Rodovi\u00e1ria Federal (PRF). Segundo a PRF, quatro pessoas, entre elas o motorista da carreta e outros tr\u00eas passageiros do ve\u00edculo menor, [&hellip;]<\/p>\n","protected":false},"author":2,"featured_media":0,"comment_status":"open","ping_status":"open","sticky":false,"template":"","format":"standard","meta":{"_links_to":"","_links_to_target":""},"categories":[1],"tags":[],"_links":{"self":[{"href":"https:\/\/www.blogdotarugao.com.br\/v1\/wp-json\/wp\/v2\/posts\/61439"}],"collection":[{"href":"https:\/\/www.blogdotarugao.com.br\/v1\/wp-json\/wp\/v2\/posts"}],"about":[{"href":"https:\/\/www.blogdotarugao.com.br\/v1\/wp-json\/wp\/v2\/types\/post"}],"author":[{"embeddable":true,"href":"https:\/\/www.blogdotarugao.com.br\/v1\/wp-json\/wp\/v2\/users\/2"}],"replies":[{"embeddable":true,"href":"https:\/\/www.blogdotarugao.com.br\/v1\/wp-json\/wp\/v2\/comments?post=61439"}],"version-history":[{"count":2,"href":"https:\/\/www.blogdotarugao.com.br\/v1\/wp-json\/wp\/v2\/posts\/61439\/revisions"}],"predecessor-version":[{"id":61442,"href":"https:\/\/www.blogdotarugao.com.br\/v1\/wp-json\/wp\/v2\/posts\/61439\/revisions\/61442"}],"wp:attachment":[{"href":"https:\/\/www.blogdotarugao.com.br\/v1\/wp-json\/wp\/v2\/media?parent=61439"}],"wp:term":[{"taxonomy":"category","embeddable":true,"href":"https:\/\/www.blogdotarugao.com.br\/v1\/wp-json\/wp\/v2\/categories?post=61439"},{"taxonomy":"post_tag","embeddable":true,"href":"https:\/\/www.blogdotarugao.com.br\/v1\/wp-json\/wp\/v2\/tags?post=61439"}],"curies":[{"name":"wp","href":"https:\/\/api.w.org\/{rel}","templated":true}]}}