{"id":61743,"date":"2016-06-02T19:39:48","date_gmt":"2016-06-02T22:39:48","guid":{"rendered":"http:\/\/www.blogdotarugao.com.br\/v1\/?p=61743"},"modified":"2016-06-02T19:39:48","modified_gmt":"2016-06-02T22:39:48","slug":"jovem-em-fuga-invade-creche-e-e-morto-a-tiros-na-frente-de-crianca-e-professora","status":"publish","type":"post","link":"https:\/\/www.blogdotarugao.com.br\/v1\/2016\/06\/02\/jovem-em-fuga-invade-creche-e-e-morto-a-tiros-na-frente-de-crianca-e-professora\/","title":{"rendered":"Jovem em fuga invade creche e \u00e9 morto a tiros, na frente de crian\u00e7a e professora"},"content":{"rendered":"<h3 style=\"text-align: justify;\"><strong><img loading=\"lazy\" class=\"  wp-image-61744 alignleft\" src=\"http:\/\/www.blogdotarugao.com.br\/v1\/wp-content\/uploads\/2016\/06\/crec.jpg\" alt=\"crec\" width=\"584\" height=\"301\" srcset=\"https:\/\/www.blogdotarugao.com.br\/v1\/wp-content\/uploads\/2016\/06\/crec.jpg 640w, https:\/\/www.blogdotarugao.com.br\/v1\/wp-content\/uploads\/2016\/06\/crec-300x155.jpg 300w\" sizes=\"(max-width: 584px) 100vw, 584px\" \/>Caso ocorreu no munic\u00edpio de V\u00e1rzea da Ro\u00e7a. Segundo a pol\u00edcia, v\u00edtima estava em liberdade condicional pelo crime de roubo.<\/strong><\/h3>\n<h3 style=\"text-align: justify;\">Um jovem de 25 anos foi baleado dentro de uma creche e morreu ap\u00f3s ser perseguido por dois homens no munic\u00edpio de V\u00e1rzea da Ro\u00e7a, a cerca de 290 quil\u00f4metros de Salvador, nesta quinta-feira (2).<\/h3>\n<h3 style=\"text-align: justify;\"><\/h3>\n<h3 style=\"text-align: justify;\"><img loading=\"lazy\" class=\" alignleft\" src=\"http:\/\/s2.glbimg.com\/1cgjnIBvm20w0aryGgBUYXV_x10=\/300x225\/s.glbimg.com\/jo\/g1\/f\/original\/2016\/06\/02\/creche_2.jpg\" alt=\"\" width=\"587\" height=\"440\" \/>Segundo a Pol\u00edcia Civil, o crime foi presenciado por uma professora e uma crian\u00e7a. De acordo com a pol\u00edcia, o homem, que n\u00e3o teve identidade divulgada, estava h\u00e1 seis meses em liberdade condicional pela pr\u00e1tica de crime de roubo.<\/h3>\n<h3 style=\"text-align: justify;\">Ele trabalhava como ajudante de pedreiro numa obra do programa \u201cMinha Casa, Minha Vida\u201d, em frente \u00e0 creche, quando foi abordado pelos criminosos que chegaram ao local em uma motocicleta de cor preta. Ap\u00f3s os disparos, os suspeitos fugiram e est\u00e3o sendo procurados. A v\u00edtima, segundo o delegado, ainda chegou a ser socorrida e encaminhada em uma ambul\u00e2ncia para um hospital da cidade, mas n\u00e3o resistiu.<\/h3>\n<h3 class=\"wp-caption alignnone\" style=\"text-align: justify; width: 596px;\"><img loading=\"lazy\" class=\"\" src=\"https:\/\/upload.wikimedia.org\/wikipedia\/commons\/thumb\/7\/74\/Bahia_Municip_VarzeadaRoca.svg\/280px-Bahia_Municip_VarzeadaRoca.svg.png\" alt=\"\" width=\"586\" height=\"607\" \/><\/h3>\n<p class=\"wp-caption-text\">Varzea da Ro\u00e7a, a 290km de Salvador<\/p>\n<h3 style=\"text-align: justify;\">\u201cEles [os suspeitos] deram os primeiros disparos quando a v\u00edtima estava carregando telhas para colocar em uma das casas que est\u00e3o sendo erguidas, mas n\u00e3o conseguiram atingir o rapaz, que correu para a creche. O jovem passou pelo port\u00e3o e entrou em uma das salas. Os suspeitos foram atr\u00e1s e o balearam. Na sala, estavam uma professora e uma crian\u00e7a. Quando ele entrou, a professora estava saindo para ir ao refeit\u00f3rio\u201d, disse o delegado Zennon Almeira, que investiga o caso.<\/h3>\n<h3 style=\"text-align: justify;\">O delegado informou que testemunhas j\u00e1 foram ouvidas, entre elas o pai e um irm\u00e3o do jovem morto, que estavam com a v\u00edtima na obra quando os suspeitos chegaram. \u201cTamb\u00e9m j\u00e1 ouivimos o porteiro da creche, que viu quando a v\u00edtima e os suspeitos entraram correndo no local, e uma professora da unidade. Estamos com equipes da Pol\u00edcia Civil e da Pol\u00edcia Militar realizando rondas na regi\u00e3o para tentar localizar os suspeitos\u201d, disse o delegado.<\/h3>\n<h3 style=\"text-align: justify;\">Ainda de acordo com o delegado Zennon Almeira, os familiares do jovem disseram que n\u00e3o sabem o motivo do crime, j\u00e1 que ele n\u00e3o tinha nenhuma d\u00edvida com ningu\u00e9m e que n\u00e3o estava sendo amea\u00e7ado. \u201cEstamos investigando se o homic\u00eddio tem alguma rela\u00e7\u00e3o com o crime de roubo que ele [a v\u00edtma] cometeu e pelo qual estava em liberdade condicional. Ele estava em liberdade h\u00e1 seis meses, quando deixou a penitenci\u00e1ria de Serrinha\u201d, destacou o delegado. (<em>Rede Bahia<\/em>)<\/h3>\n<p>&nbsp;<\/p>\n","protected":false},"excerpt":{"rendered":"<p>Caso ocorreu no munic\u00edpio de V\u00e1rzea da Ro\u00e7a. Segundo a pol\u00edcia, v\u00edtima estava em liberdade condicional pelo crime de roubo. Um jovem de 25 anos foi baleado dentro de uma creche e morreu ap\u00f3s ser perseguido por dois homens no munic\u00edpio de V\u00e1rzea da Ro\u00e7a, a cerca de 290 quil\u00f4metros de Salvador, nesta quinta-feira (2). [&hellip;]<\/p>\n","protected":false},"author":2,"featured_media":0,"comment_status":"open","ping_status":"open","sticky":false,"template":"","format":"standard","meta":{"_links_to":"","_links_to_target":""},"categories":[1],"tags":[],"_links":{"self":[{"href":"https:\/\/www.blogdotarugao.com.br\/v1\/wp-json\/wp\/v2\/posts\/61743"}],"collection":[{"href":"https:\/\/www.blogdotarugao.com.br\/v1\/wp-json\/wp\/v2\/posts"}],"about":[{"href":"https:\/\/www.blogdotarugao.com.br\/v1\/wp-json\/wp\/v2\/types\/post"}],"author":[{"embeddable":true,"href":"https:\/\/www.blogdotarugao.com.br\/v1\/wp-json\/wp\/v2\/users\/2"}],"replies":[{"embeddable":true,"href":"https:\/\/www.blogdotarugao.com.br\/v1\/wp-json\/wp\/v2\/comments?post=61743"}],"version-history":[{"count":0,"href":"https:\/\/www.blogdotarugao.com.br\/v1\/wp-json\/wp\/v2\/posts\/61743\/revisions"}],"wp:attachment":[{"href":"https:\/\/www.blogdotarugao.com.br\/v1\/wp-json\/wp\/v2\/media?parent=61743"}],"wp:term":[{"taxonomy":"category","embeddable":true,"href":"https:\/\/www.blogdotarugao.com.br\/v1\/wp-json\/wp\/v2\/categories?post=61743"},{"taxonomy":"post_tag","embeddable":true,"href":"https:\/\/www.blogdotarugao.com.br\/v1\/wp-json\/wp\/v2\/tags?post=61743"}],"curies":[{"name":"wp","href":"https:\/\/api.w.org\/{rel}","templated":true}]}}