{"id":61748,"date":"2016-06-02T19:46:13","date_gmt":"2016-06-02T22:46:13","guid":{"rendered":"http:\/\/www.blogdotarugao.com.br\/v1\/?p=61748"},"modified":"2016-06-02T19:46:13","modified_gmt":"2016-06-02T22:46:13","slug":"marido-se-entrega-apos-fraturar-nariz-e-perfurar-o-timpano-da-propria-esposa","status":"publish","type":"post","link":"https:\/\/www.blogdotarugao.com.br\/v1\/2016\/06\/02\/marido-se-entrega-apos-fraturar-nariz-e-perfurar-o-timpano-da-propria-esposa\/","title":{"rendered":"Marido se entrega ap\u00f3s fraturar nariz e perfurar o t\u00edmpano da pr\u00f3pria esposa"},"content":{"rendered":"<h3 style=\"text-align: justify;\"><strong>Empres\u00e1rio estava com a pris\u00e3o decretada desde o dia 28 de abril em MT. Camila Tagliari teve o t\u00edmpano perfurado e o nariz fraturado em agress\u00e3o.<\/strong><\/h3>\n<h3 style=\"text-align: justify;\">O empres\u00e1rio Marcos Cesar Martins Campos, de 34 anos, suspeito de espancar a mulher, a m\u00e9dica Camila Campagnoli Tagliari, de 29 anos, em mar\u00e7o deste ano, se entregou \u00e0 Justi\u00e7a nesta quarta-feira (1\u00ba) no F\u00f3rum de Cuiab\u00e1.<\/h3>\n<p><img loading=\"lazy\" class=\" alignleft\" src=\"http:\/\/i.imgur.com\/nld4dCj.jpg\" alt=\"\" width=\"584\" height=\"299\" \/><\/p>\n<h3 style=\"text-align: justify;\"><a href=\"http:\/\/s2.glbimg.com\/LxWRLd6K3WOfUG66D3L2gaJj_lw=\/s.glbimg.com\/jo\/g1\/f\/original\/2016\/03\/29\/camila300.jpg.png\" class=\"gallery_colorbox\" rel=\"lightbox[91107]\"><img loading=\"lazy\" class=\" alignleft\" src=\"http:\/\/s2.glbimg.com\/LxWRLd6K3WOfUG66D3L2gaJj_lw=\/s.glbimg.com\/jo\/g1\/f\/original\/2016\/03\/29\/camila300.jpg.png\"  alt=\"\" width=\"585\" height=\"780\" \/><\/a>A informa\u00e7\u00e3o foi confirmada pelo advogado dele, Jo\u00e3o Bosco Ribeiro Barros J\u00fanior. A defesa diz que n\u00e3o detalhar\u00e1 o assunto em virtude do processo tramitar em segredo de Justi\u00e7a.<\/h3>\n<h3 style=\"text-align: justify;\">Marcos estava com a pris\u00e3o preventiva decretada pela juiz Jamilson Haddad Campos, da 1\u00aa Vara Especializada de Viol\u00eancia Dom\u00e9stica e Familiar Contra a Mulher, de Cuiab\u00e1, desde o dia 28 de abril. A decis\u00e3o foi tomada ap\u00f3s um depoimento prestado pela m\u00e9dica no Minist\u00e9rio P\u00fablico Estadual (MPE), em que ela se dizia amedrontada com a proximidade do marido. Ainda conforme Jo\u00e3o Bosco, o empres\u00e1rio foi encaminhado ao Centro de Ressocializa\u00e7\u00e3o de Cuiab\u00e1 (CRC), antigo Pres\u00eddio do Carumb\u00e9, na capital mato-grossense.<\/h3>\n<h3 style=\"text-align: justify;\"><span id=\"more-91107\"><\/span><strong>O caso<\/strong><\/h3>\n<h3 style=\"text-align: justify;\">As agress\u00f5es ocorreram em mar\u00e7o deste ano, na resid\u00eancia do casal, em um edif\u00edcio no Bairro Duque de Caxias, na capital. Quando os policiais chegaram ao local da agress\u00e3o, o empres\u00e1rio estava trancado no apartamento e a pol\u00edcia teve de arrombar a porta para det\u00ea-lo. \u00c0 pol\u00edcia, a v\u00edtima, que apresentava les\u00f5es no rosto e no bra\u00e7o direito, relatou que participava de uma confraterniza\u00e7\u00e3o com o marido e que, ao retornarem para casa com a filha, ela e o empres\u00e1rio se desentenderam na garagem do condom\u00ednio.<\/h3>\n<h3 style=\"text-align: justify;\"><img loading=\"lazy\" class=\"alignleft\" src=\"http:\/\/i.imgur.com\/k3pII5c.jpg\" alt=\"\" width=\"583\" height=\"549\" \/>Durante a discuss\u00e3o, como ela informou \u00e0 pol\u00edcia, ele ficou descontrolado e passou a agredi-la com pux\u00f5es de cabelo, tapas e socos. Em meio \u00e0 agress\u00e3o, Camila disse ter perdido a consci\u00eancia. Nisso, ele a levou para o apartamento, onde continuou as agress\u00f5es. As cenas de viol\u00eancia foram presenciadas pela filha dela, de 11 anos. Por causa das agress\u00f5es, Camila sofreu fraturas no nariz e teve o t\u00edmpano perfurado. A crian\u00e7a de 11 anos entrou com uma a\u00e7\u00e3o por danos morais contra o padastro. Ap\u00f3s ser denunciado, o empres\u00e1rio foi obrigado a manter uma dist\u00e2ncia m\u00ednima de mil metros da mulher e da enteada. O per\u00edmetro, no entanto, foi diminu\u00eddo, baseado em um pedido feito pelos advogados do empres\u00e1rio.<\/h3>\n<p><!--more--><\/p>\n<h3 style=\"text-align: justify;\">O empres\u00e1rio chegou a ser preso em flagrante por les\u00e3o corporal grave, mas foi solto ap\u00f3s uma audi\u00eancia de cust\u00f3dia. No procedimento, a Justi\u00e7a havia determinado que o agressor se mantivesse a uma dist\u00e2ncia m\u00ednima de mil metros da mulher e da enteada, al\u00e9m de usar tornozeleira eletr\u00f4nica. O advogado de Camila, Dauto Passare, informou que a m\u00e9dica e a filha dela continuam em tratamento psicol\u00f3gico em Cuiab\u00e1 para superar o que passaram. \u201cFoi um trauma bastante grande, sobretudo para a filha que presenciou tudo. N\u00e3o \u00e9 algo que se esque\u00e7a. Isso vai permanecer na mem\u00f3ria de ambas, provavelmente para o resto da vida. Agora elas passam por esse tratamento para entender a situa\u00e7\u00e3o e superar isso da melhor maneira poss\u00edvel\u201d, declarou. Ainda conforme o advogado, a m\u00e9dica j\u00e1 retornou para as atividades profissionais. (<em>TV Centro Am\u00e9rica<\/em>)<\/h3>\n<p>&nbsp;<\/p>\n","protected":false},"excerpt":{"rendered":"<p>Empres\u00e1rio estava com a pris\u00e3o decretada desde o dia 28 de abril em MT. Camila Tagliari teve o t\u00edmpano perfurado e o nariz fraturado em agress\u00e3o. O empres\u00e1rio Marcos Cesar Martins Campos, de 34 anos, suspeito de espancar a mulher, a m\u00e9dica Camila Campagnoli Tagliari, de 29 anos, em mar\u00e7o deste ano, se entregou \u00e0 [&hellip;]<\/p>\n","protected":false},"author":2,"featured_media":0,"comment_status":"open","ping_status":"open","sticky":false,"template":"","format":"standard","meta":{"_links_to":"","_links_to_target":""},"categories":[1],"tags":[],"_links":{"self":[{"href":"https:\/\/www.blogdotarugao.com.br\/v1\/wp-json\/wp\/v2\/posts\/61748"}],"collection":[{"href":"https:\/\/www.blogdotarugao.com.br\/v1\/wp-json\/wp\/v2\/posts"}],"about":[{"href":"https:\/\/www.blogdotarugao.com.br\/v1\/wp-json\/wp\/v2\/types\/post"}],"author":[{"embeddable":true,"href":"https:\/\/www.blogdotarugao.com.br\/v1\/wp-json\/wp\/v2\/users\/2"}],"replies":[{"embeddable":true,"href":"https:\/\/www.blogdotarugao.com.br\/v1\/wp-json\/wp\/v2\/comments?post=61748"}],"version-history":[{"count":1,"href":"https:\/\/www.blogdotarugao.com.br\/v1\/wp-json\/wp\/v2\/posts\/61748\/revisions"}],"predecessor-version":[{"id":61749,"href":"https:\/\/www.blogdotarugao.com.br\/v1\/wp-json\/wp\/v2\/posts\/61748\/revisions\/61749"}],"wp:attachment":[{"href":"https:\/\/www.blogdotarugao.com.br\/v1\/wp-json\/wp\/v2\/media?parent=61748"}],"wp:term":[{"taxonomy":"category","embeddable":true,"href":"https:\/\/www.blogdotarugao.com.br\/v1\/wp-json\/wp\/v2\/categories?post=61748"},{"taxonomy":"post_tag","embeddable":true,"href":"https:\/\/www.blogdotarugao.com.br\/v1\/wp-json\/wp\/v2\/tags?post=61748"}],"curies":[{"name":"wp","href":"https:\/\/api.w.org\/{rel}","templated":true}]}}