{"id":61750,"date":"2016-06-02T21:00:17","date_gmt":"2016-06-03T00:00:17","guid":{"rendered":"http:\/\/www.blogdotarugao.com.br\/v1\/?p=61750"},"modified":"2016-06-02T21:00:17","modified_gmt":"2016-06-03T00:00:17","slug":"latino-paga-pensao-de-um-salario-minimo-para-filha-dele-com-kelly-key","status":"publish","type":"post","link":"https:\/\/www.blogdotarugao.com.br\/v1\/2016\/06\/02\/latino-paga-pensao-de-um-salario-minimo-para-filha-dele-com-kelly-key\/","title":{"rendered":"Latino paga pens\u00e3o de um sal\u00e1rio m\u00ednimo para filha dele com Kelly Key"},"content":{"rendered":"<section class=\"post_content content-entretenimento clearfix\"><img loading=\"lazy\" class=\"aligncenter  wp-image-61751\" src=\"http:\/\/www.blogdotarugao.com.br\/v1\/wp-content\/uploads\/2016\/06\/Kelly-Ky.jpg\" alt=\"Kelly Ky\" width=\"585\" height=\"370\" srcset=\"https:\/\/www.blogdotarugao.com.br\/v1\/wp-content\/uploads\/2016\/06\/Kelly-Ky.jpg 505w, https:\/\/www.blogdotarugao.com.br\/v1\/wp-content\/uploads\/2016\/06\/Kelly-Ky-300x190.jpg 300w\" sizes=\"(max-width: 585px) 100vw, 585px\" \/><\/p>\n<h3 style=\"text-align: justify;\">Cantora fala sobre rela\u00e7\u00e3o com Latino: \u2018Era muito tra\u00edda, n\u00e3o aguentava mais\u2019<\/h3>\n<h3 style=\"text-align: justify;\">A cantora Kelly Key deu detalhes\u00a0sua rela\u00e7\u00e3o com Latino e a filha dos dois, Suzana Freitas.\u00a0\u201cN\u00e3o tenho rela\u00e7\u00e3o com ele. A \u00faltima vez que nos falamos foi por e-mail, h\u00e1 dois anos\u201d, contou ela em entrevista a r\u00e1dio O Dia. \u201cEle paga um sal\u00e1rio m\u00ednimo para ela\u201d, completou.<\/h3>\n<h3 style=\"text-align: justify;\">Ap\u00f3s 16 anos do termino do namoro dos dois, a cantora conta porque o fim do relacionamento aconteceu.\u00a0 \u201cEu que terminei porque era muito tra\u00edda, n\u00e3o aguentava mais aquilo. \u00c9 algo que faz 16 anos, ent\u00e3o algumas coisas ficaram no tempo, l\u00e1 atr\u00e1s, e n\u00e3o me recordo, mas eu sei que fui que coloquei um ponto final na rela\u00e7\u00e3o\u201d, disparou.<\/h3>\n<h3 style=\"text-align: justify;\">\u201cEra um relacionamento muito mal resolvido e eu era muito jovem. O final era certo, a gente s\u00f3 n\u00e3o sabia quando ia acontecer. Eu era nova e imatura e aceitava coisas que n\u00e3o deveria ter aceitado, justamente por ser jovem\u201d, relembra.<\/h3>\n<\/section>\n","protected":false},"excerpt":{"rendered":"<p>Cantora fala sobre rela\u00e7\u00e3o com Latino: \u2018Era muito tra\u00edda, n\u00e3o aguentava mais\u2019 A cantora Kelly Key deu detalhes\u00a0sua rela\u00e7\u00e3o com Latino e a filha dos dois, Suzana Freitas.\u00a0\u201cN\u00e3o tenho rela\u00e7\u00e3o com ele. A \u00faltima vez que nos falamos foi por e-mail, h\u00e1 dois anos\u201d, contou ela em entrevista a r\u00e1dio O Dia. \u201cEle paga um [&hellip;]<\/p>\n","protected":false},"author":2,"featured_media":0,"comment_status":"open","ping_status":"open","sticky":false,"template":"","format":"standard","meta":{"_links_to":"","_links_to_target":""},"categories":[1],"tags":[],"_links":{"self":[{"href":"https:\/\/www.blogdotarugao.com.br\/v1\/wp-json\/wp\/v2\/posts\/61750"}],"collection":[{"href":"https:\/\/www.blogdotarugao.com.br\/v1\/wp-json\/wp\/v2\/posts"}],"about":[{"href":"https:\/\/www.blogdotarugao.com.br\/v1\/wp-json\/wp\/v2\/types\/post"}],"author":[{"embeddable":true,"href":"https:\/\/www.blogdotarugao.com.br\/v1\/wp-json\/wp\/v2\/users\/2"}],"replies":[{"embeddable":true,"href":"https:\/\/www.blogdotarugao.com.br\/v1\/wp-json\/wp\/v2\/comments?post=61750"}],"version-history":[{"count":1,"href":"https:\/\/www.blogdotarugao.com.br\/v1\/wp-json\/wp\/v2\/posts\/61750\/revisions"}],"predecessor-version":[{"id":61752,"href":"https:\/\/www.blogdotarugao.com.br\/v1\/wp-json\/wp\/v2\/posts\/61750\/revisions\/61752"}],"wp:attachment":[{"href":"https:\/\/www.blogdotarugao.com.br\/v1\/wp-json\/wp\/v2\/media?parent=61750"}],"wp:term":[{"taxonomy":"category","embeddable":true,"href":"https:\/\/www.blogdotarugao.com.br\/v1\/wp-json\/wp\/v2\/categories?post=61750"},{"taxonomy":"post_tag","embeddable":true,"href":"https:\/\/www.blogdotarugao.com.br\/v1\/wp-json\/wp\/v2\/tags?post=61750"}],"curies":[{"name":"wp","href":"https:\/\/api.w.org\/{rel}","templated":true}]}}